{"id":12911,"date":"2018-11-07T20:58:13","date_gmt":"2018-11-07T19:58:13","guid":{"rendered":"http:\/\/www.promfr.ch\/?p=12911"},"modified":"2020-01-13T13:59:11","modified_gmt":"2020-01-13T12:59:11","slug":"scott-sports-und-nanolockin-gewinnen-den-innovationspreis-des-kantons-freiburg","status":"publish","type":"post","link":"https:\/\/www.promfr.ch\/de\/2018\/11\/07\/scott-sports-und-nanolockin-gewinnen-den-innovationspreis-des-kantons-freiburg\/","title":{"rendered":"Scott Sports und NanoLockin gewinnen den Innovationspreis des Kantons Freiburg"},"content":{"rendered":"<p>Der Kanton Freiburg hat am 7. November 2018 seine innovativsten Unternehmen ausgezeichnet. Scott Sports mit Sitz in Givisiez hat den Unternehmenspreis gewonnen, der Start-up-Preis ging nach der Publikumswahl an das Jungunternehmen NanoLockin aus Freiburg und die Cleantech-Auszeichnung wurde Cortexia aus Ch\u00e2tel-St-Denis \u00fcberreicht. Am gleichen Anlass wurden die Gewinner der Agri &amp; Co Challenge erstmals der \u00d6ffentlichkeit vorgestellt. Von den 16 Gewinnern erhielt nach der Publikumswahl das Unternehmen BVT aus Kanada den Prix COREB. Die Preisverleihung hat im Forum Freiburg vor \u00fcber 500 G\u00e4sten stattgefunden.<\/p>\n<p><a href=\"http:\/\/innovationfr.ch\/de\/scott-sports-und-nanolockin-gewinnen-den-innovationspreis-des-kantons-freiburg\/\" target=\"_blank\" rel=\"noopener noreferrer\">www.innovationfr.ch<\/a><\/p>\n","protected":false},"excerpt":{"rendered":"<p>Der Kanton Freiburg hat am 7. November 2018 seine innovativsten Unternehmen ausgezeichnet. Scott Sports mit Sitz in Givisiez hat den Unternehmenspreis gewonnen, der Start-up-Preis ging nach der Publikumswahl an das Jungunternehmen NanoLockin aus Freiburg und die Cleantech-Auszeichnung wurde Cortexia aus Ch\u00e2tel-St-Denis \u00fcberreicht. Am gleichen Anlass&#8230;<\/p>\n","protected":false},"author":2,"featured_media":12902,"comment_status":"closed","ping_status":"open","sticky":false,"template":"","format":"standard","meta":{"footnotes":""},"categories":[83],"tags":[110,87],"class_list":["post-12911","post","type-post","status-publish","format-standard","has-post-thumbnail","hentry","category-news-de","tag-innovationspreis","tag-wirtschaftsforderung-kanton-freiburg"],"yoast_head":"<!-- This site is optimized with the Yoast SEO plugin v26.9 - https:\/\/yoast.com\/product\/yoast-seo-wordpress\/ -->\n<title>Scott Sports und NanoLockin gewinnen den Innovationspreis des Kantons Freiburg - Wirtschaftsf\u00f6rderung WIF<\/title>\n<meta name=\"robots\" content=\"index, follow, max-snippet:-1, max-image-preview:large, max-video-preview:-1\" \/>\n<link rel=\"canonical\" href=\"https:\/\/www.promfr.ch\/de\/2018\/11\/07\/scott-sports-und-nanolockin-gewinnen-den-innovationspreis-des-kantons-freiburg\/\" \/>\n<meta property=\"og:locale\" content=\"de_DE\" \/>\n<meta property=\"og:type\" content=\"article\" \/>\n<meta property=\"og:title\" content=\"Scott Sports und NanoLockin gewinnen den Innovationspreis des Kantons Freiburg - Wirtschaftsf\u00f6rderung WIF\" \/>\n<meta property=\"og:description\" content=\"Der Kanton Freiburg hat am 7. November 2018 seine innovativsten Unternehmen ausgezeichnet. Scott Sports mit Sitz in Givisiez hat den Unternehmenspreis gewonnen, der Start-up-Preis ging nach der Publikumswahl an das Jungunternehmen NanoLockin aus Freiburg und die Cleantech-Auszeichnung wurde Cortexia aus Ch\u00e2tel-St-Denis \u00fcberreicht. Am gleichen Anlass...\" \/>\n<meta property=\"og:url\" content=\"https:\/\/www.promfr.ch\/de\/2018\/11\/07\/scott-sports-und-nanolockin-gewinnen-den-innovationspreis-des-kantons-freiburg\/\" \/>\n<meta property=\"og:site_name\" content=\"Wirtschaftsf\u00f6rderung WIF\" \/>\n<meta property=\"article:published_time\" content=\"2018-11-07T19:58:13+00:00\" \/>\n<meta property=\"article:modified_time\" content=\"2020-01-13T12:59:11+00:00\" \/>\n<meta property=\"og:image\" content=\"https:\/\/www.promfr.ch\/wp-content\/uploads\/2020\/01\/stemutz-innovationfr-2018.png\" \/>\n\t<meta property=\"og:image:width\" content=\"1200\" \/>\n\t<meta property=\"og:image:height\" content=\"444\" \/>\n\t<meta property=\"og:image:type\" content=\"image\/png\" \/>\n<meta name=\"author\" content=\"Christoph Aebischer\" \/>\n<meta name=\"twitter:card\" content=\"summary_large_image\" \/>\n<meta name=\"twitter:creator\" content=\"@promfr\" \/>\n<meta name=\"twitter:site\" content=\"@promfr\" \/>\n<script type=\"application\/ld+json\" class=\"yoast-schema-graph\">{\"@context\":\"https:\/\/schema.org\",\"@graph\":[{\"@type\":\"Article\",\"@id\":\"https:\/\/www.promfr.ch\/de\/2018\/11\/07\/scott-sports-und-nanolockin-gewinnen-den-innovationspreis-des-kantons-freiburg\/#article\",\"isPartOf\":{\"@id\":\"https:\/\/www.promfr.ch\/de\/2018\/11\/07\/scott-sports-und-nanolockin-gewinnen-den-innovationspreis-des-kantons-freiburg\/\"},\"author\":{\"name\":\"Christoph Aebischer\",\"@id\":\"https:\/\/www.promfr.ch\/#\/schema\/person\/f047043acc194ad83fe022d2589a73be\"},\"headline\":\"Scott Sports und NanoLockin gewinnen den Innovationspreis des Kantons Freiburg\",\"datePublished\":\"2018-11-07T19:58:13+00:00\",\"dateModified\":\"2020-01-13T12:59:11+00:00\",\"mainEntityOfPage\":{\"@id\":\"https:\/\/www.promfr.ch\/de\/2018\/11\/07\/scott-sports-und-nanolockin-gewinnen-den-innovationspreis-des-kantons-freiburg\/\"},\"wordCount\":95,\"publisher\":{\"@id\":\"https:\/\/www.promfr.ch\/#organization\"},\"image\":{\"@id\":\"https:\/\/www.promfr.ch\/de\/2018\/11\/07\/scott-sports-und-nanolockin-gewinnen-den-innovationspreis-des-kantons-freiburg\/#primaryimage\"},\"thumbnailUrl\":\"https:\/\/www.promfr.ch\/wp-content\/uploads\/2020\/01\/stemutz-innovationfr-2018.png\",\"keywords\":[\"Innovationspreis\",\"Wirtschaftsf\u00f6rderung Kanton Freiburg\"],\"articleSection\":[\"News\"],\"inLanguage\":\"de\"},{\"@type\":\"WebPage\",\"@id\":\"https:\/\/www.promfr.ch\/de\/2018\/11\/07\/scott-sports-und-nanolockin-gewinnen-den-innovationspreis-des-kantons-freiburg\/\",\"url\":\"https:\/\/www.promfr.ch\/de\/2018\/11\/07\/scott-sports-und-nanolockin-gewinnen-den-innovationspreis-des-kantons-freiburg\/\",\"name\":\"Scott Sports und NanoLockin gewinnen den Innovationspreis des Kantons Freiburg - Wirtschaftsf\u00f6rderung WIF\",\"isPartOf\":{\"@id\":\"https:\/\/www.promfr.ch\/#website\"},\"primaryImageOfPage\":{\"@id\":\"https:\/\/www.promfr.ch\/de\/2018\/11\/07\/scott-sports-und-nanolockin-gewinnen-den-innovationspreis-des-kantons-freiburg\/#primaryimage\"},\"image\":{\"@id\":\"https:\/\/www.promfr.ch\/de\/2018\/11\/07\/scott-sports-und-nanolockin-gewinnen-den-innovationspreis-des-kantons-freiburg\/#primaryimage\"},\"thumbnailUrl\":\"https:\/\/www.promfr.ch\/wp-content\/uploads\/2020\/01\/stemutz-innovationfr-2018.png\",\"datePublished\":\"2018-11-07T19:58:13+00:00\",\"dateModified\":\"2020-01-13T12:59:11+00:00\",\"breadcrumb\":{\"@id\":\"https:\/\/www.promfr.ch\/de\/2018\/11\/07\/scott-sports-und-nanolockin-gewinnen-den-innovationspreis-des-kantons-freiburg\/#breadcrumb\"},\"inLanguage\":\"de\",\"potentialAction\":[{\"@type\":\"ReadAction\",\"target\":[\"https:\/\/www.promfr.ch\/de\/2018\/11\/07\/scott-sports-und-nanolockin-gewinnen-den-innovationspreis-des-kantons-freiburg\/\"]}]},{\"@type\":\"ImageObject\",\"inLanguage\":\"de\",\"@id\":\"https:\/\/www.promfr.ch\/de\/2018\/11\/07\/scott-sports-und-nanolockin-gewinnen-den-innovationspreis-des-kantons-freiburg\/#primaryimage\",\"url\":\"https:\/\/www.promfr.ch\/wp-content\/uploads\/2020\/01\/stemutz-innovationfr-2018.png\",\"contentUrl\":\"https:\/\/www.promfr.ch\/wp-content\/uploads\/2020\/01\/stemutz-innovationfr-2018.png\",\"width\":1200,\"height\":444,\"caption\":\"photo: STEMUTZ\"},{\"@type\":\"BreadcrumbList\",\"@id\":\"https:\/\/www.promfr.ch\/de\/2018\/11\/07\/scott-sports-und-nanolockin-gewinnen-den-innovationspreis-des-kantons-freiburg\/#breadcrumb\",\"itemListElement\":[{\"@type\":\"ListItem\",\"position\":1,\"name\":\"Accueil\",\"item\":\"https:\/\/www.promfr.ch\/de\/\"},{\"@type\":\"ListItem\",\"position\":2,\"name\":\"Scott Sports und NanoLockin gewinnen den Innovationspreis des Kantons Freiburg\"}]},{\"@type\":\"WebSite\",\"@id\":\"https:\/\/www.promfr.ch\/#website\",\"url\":\"https:\/\/www.promfr.ch\/\",\"name\":\"Promotion \u00e9conomique du canton de Fribourg (PromFR)\",\"description\":\"FRIBOURG, THE PLACE TO GROW!\",\"publisher\":{\"@id\":\"https:\/\/www.promfr.ch\/#organization\"},\"alternateName\":\"Wirtschaftsf\u00f6rderung Kanton Freiburg (WIF)\",\"potentialAction\":[{\"@type\":\"SearchAction\",\"target\":{\"@type\":\"EntryPoint\",\"urlTemplate\":\"https:\/\/www.promfr.ch\/?s={search_term_string}\"},\"query-input\":{\"@type\":\"PropertyValueSpecification\",\"valueRequired\":true,\"valueName\":\"search_term_string\"}}],\"inLanguage\":\"de\"},{\"@type\":\"Organization\",\"@id\":\"https:\/\/www.promfr.ch\/#organization\",\"name\":\"Promotion \u00e9conomique du canton de Fribourg (PromFR)\",\"alternateName\":\"Wirtschaftsf\u00f6rderung Kanton Freiburg (WIF)\",\"url\":\"https:\/\/www.promfr.ch\/\",\"logo\":{\"@type\":\"ImageObject\",\"inLanguage\":\"de\",\"@id\":\"https:\/\/www.promfr.ch\/#\/schema\/logo\/image\/\",\"url\":\"https:\/\/www.promfr.ch\/wp-content\/uploads\/2017\/07\/promotion-economique-fribourg-logo.png\",\"contentUrl\":\"https:\/\/www.promfr.ch\/wp-content\/uploads\/2017\/07\/promotion-economique-fribourg-logo.png\",\"width\":515,\"height\":156,\"caption\":\"Promotion \u00e9conomique du canton de Fribourg (PromFR)\"},\"image\":{\"@id\":\"https:\/\/www.promfr.ch\/#\/schema\/logo\/image\/\"},\"sameAs\":[\"https:\/\/x.com\/promfr\",\"https:\/\/www.linkedin.com\/company\/promfr\",\"https:\/\/www.youtube.com\/user\/promfr\"]},{\"@type\":\"Person\",\"@id\":\"https:\/\/www.promfr.ch\/#\/schema\/person\/f047043acc194ad83fe022d2589a73be\",\"name\":\"Christoph Aebischer\",\"image\":{\"@type\":\"ImageObject\",\"inLanguage\":\"de\",\"@id\":\"https:\/\/www.promfr.ch\/#\/schema\/person\/image\/\",\"url\":\"https:\/\/secure.gravatar.com\/avatar\/8b4166163f8e0fcfc1c007b68b1b1ae94268859386b57ea5990cee54906dbd2f?s=96&d=mm&r=g\",\"contentUrl\":\"https:\/\/secure.gravatar.com\/avatar\/8b4166163f8e0fcfc1c007b68b1b1ae94268859386b57ea5990cee54906dbd2f?s=96&d=mm&r=g\",\"caption\":\"Christoph Aebischer\"},\"url\":\"https:\/\/www.promfr.ch\/de\/author\/c-aebischer\/\"}]}<\/script>\n<!-- \/ Yoast SEO plugin. -->","yoast_head_json":{"title":"Scott Sports und NanoLockin gewinnen den Innovationspreis des Kantons Freiburg - Wirtschaftsf\u00f6rderung WIF","robots":{"index":"index","follow":"follow","max-snippet":"max-snippet:-1","max-image-preview":"max-image-preview:large","max-video-preview":"max-video-preview:-1"},"canonical":"https:\/\/www.promfr.ch\/de\/2018\/11\/07\/scott-sports-und-nanolockin-gewinnen-den-innovationspreis-des-kantons-freiburg\/","og_locale":"de_DE","og_type":"article","og_title":"Scott Sports und NanoLockin gewinnen den Innovationspreis des Kantons Freiburg - Wirtschaftsf\u00f6rderung WIF","og_description":"Der Kanton Freiburg hat am 7. November 2018 seine innovativsten Unternehmen ausgezeichnet. Scott Sports mit Sitz in Givisiez hat den Unternehmenspreis gewonnen, der Start-up-Preis ging nach der Publikumswahl an das Jungunternehmen NanoLockin aus Freiburg und die Cleantech-Auszeichnung wurde Cortexia aus Ch\u00e2tel-St-Denis \u00fcberreicht. Am gleichen Anlass...","og_url":"https:\/\/www.promfr.ch\/de\/2018\/11\/07\/scott-sports-und-nanolockin-gewinnen-den-innovationspreis-des-kantons-freiburg\/","og_site_name":"Wirtschaftsf\u00f6rderung WIF","article_published_time":"2018-11-07T19:58:13+00:00","article_modified_time":"2020-01-13T12:59:11+00:00","og_image":[{"width":1200,"height":444,"url":"https:\/\/www.promfr.ch\/wp-content\/uploads\/2020\/01\/stemutz-innovationfr-2018.png","type":"image\/png"}],"author":"Christoph Aebischer","twitter_card":"summary_large_image","twitter_creator":"@promfr","twitter_site":"@promfr","schema":{"@context":"https:\/\/schema.org","@graph":[{"@type":"Article","@id":"https:\/\/www.promfr.ch\/de\/2018\/11\/07\/scott-sports-und-nanolockin-gewinnen-den-innovationspreis-des-kantons-freiburg\/#article","isPartOf":{"@id":"https:\/\/www.promfr.ch\/de\/2018\/11\/07\/scott-sports-und-nanolockin-gewinnen-den-innovationspreis-des-kantons-freiburg\/"},"author":{"name":"Christoph Aebischer","@id":"https:\/\/www.promfr.ch\/#\/schema\/person\/f047043acc194ad83fe022d2589a73be"},"headline":"Scott Sports und NanoLockin gewinnen den Innovationspreis des Kantons Freiburg","datePublished":"2018-11-07T19:58:13+00:00","dateModified":"2020-01-13T12:59:11+00:00","mainEntityOfPage":{"@id":"https:\/\/www.promfr.ch\/de\/2018\/11\/07\/scott-sports-und-nanolockin-gewinnen-den-innovationspreis-des-kantons-freiburg\/"},"wordCount":95,"publisher":{"@id":"https:\/\/www.promfr.ch\/#organization"},"image":{"@id":"https:\/\/www.promfr.ch\/de\/2018\/11\/07\/scott-sports-und-nanolockin-gewinnen-den-innovationspreis-des-kantons-freiburg\/#primaryimage"},"thumbnailUrl":"https:\/\/www.promfr.ch\/wp-content\/uploads\/2020\/01\/stemutz-innovationfr-2018.png","keywords":["Innovationspreis","Wirtschaftsf\u00f6rderung Kanton Freiburg"],"articleSection":["News"],"inLanguage":"de"},{"@type":"WebPage","@id":"https:\/\/www.promfr.ch\/de\/2018\/11\/07\/scott-sports-und-nanolockin-gewinnen-den-innovationspreis-des-kantons-freiburg\/","url":"https:\/\/www.promfr.ch\/de\/2018\/11\/07\/scott-sports-und-nanolockin-gewinnen-den-innovationspreis-des-kantons-freiburg\/","name":"Scott Sports und NanoLockin gewinnen den Innovationspreis des Kantons Freiburg - Wirtschaftsf\u00f6rderung WIF","isPartOf":{"@id":"https:\/\/www.promfr.ch\/#website"},"primaryImageOfPage":{"@id":"https:\/\/www.promfr.ch\/de\/2018\/11\/07\/scott-sports-und-nanolockin-gewinnen-den-innovationspreis-des-kantons-freiburg\/#primaryimage"},"image":{"@id":"https:\/\/www.promfr.ch\/de\/2018\/11\/07\/scott-sports-und-nanolockin-gewinnen-den-innovationspreis-des-kantons-freiburg\/#primaryimage"},"thumbnailUrl":"https:\/\/www.promfr.ch\/wp-content\/uploads\/2020\/01\/stemutz-innovationfr-2018.png","datePublished":"2018-11-07T19:58:13+00:00","dateModified":"2020-01-13T12:59:11+00:00","breadcrumb":{"@id":"https:\/\/www.promfr.ch\/de\/2018\/11\/07\/scott-sports-und-nanolockin-gewinnen-den-innovationspreis-des-kantons-freiburg\/#breadcrumb"},"inLanguage":"de","potentialAction":[{"@type":"ReadAction","target":["https:\/\/www.promfr.ch\/de\/2018\/11\/07\/scott-sports-und-nanolockin-gewinnen-den-innovationspreis-des-kantons-freiburg\/"]}]},{"@type":"ImageObject","inLanguage":"de","@id":"https:\/\/www.promfr.ch\/de\/2018\/11\/07\/scott-sports-und-nanolockin-gewinnen-den-innovationspreis-des-kantons-freiburg\/#primaryimage","url":"https:\/\/www.promfr.ch\/wp-content\/uploads\/2020\/01\/stemutz-innovationfr-2018.png","contentUrl":"https:\/\/www.promfr.ch\/wp-content\/uploads\/2020\/01\/stemutz-innovationfr-2018.png","width":1200,"height":444,"caption":"photo: STEMUTZ"},{"@type":"BreadcrumbList","@id":"https:\/\/www.promfr.ch\/de\/2018\/11\/07\/scott-sports-und-nanolockin-gewinnen-den-innovationspreis-des-kantons-freiburg\/#breadcrumb","itemListElement":[{"@type":"ListItem","position":1,"name":"Accueil","item":"https:\/\/www.promfr.ch\/de\/"},{"@type":"ListItem","position":2,"name":"Scott Sports und NanoLockin gewinnen den Innovationspreis des Kantons Freiburg"}]},{"@type":"WebSite","@id":"https:\/\/www.promfr.ch\/#website","url":"https:\/\/www.promfr.ch\/","name":"Promotion \u00e9conomique du canton de Fribourg (PromFR)","description":"FRIBOURG, THE PLACE TO GROW!","publisher":{"@id":"https:\/\/www.promfr.ch\/#organization"},"alternateName":"Wirtschaftsf\u00f6rderung Kanton Freiburg (WIF)","potentialAction":[{"@type":"SearchAction","target":{"@type":"EntryPoint","urlTemplate":"https:\/\/www.promfr.ch\/?s={search_term_string}"},"query-input":{"@type":"PropertyValueSpecification","valueRequired":true,"valueName":"search_term_string"}}],"inLanguage":"de"},{"@type":"Organization","@id":"https:\/\/www.promfr.ch\/#organization","name":"Promotion \u00e9conomique du canton de Fribourg (PromFR)","alternateName":"Wirtschaftsf\u00f6rderung Kanton Freiburg (WIF)","url":"https:\/\/www.promfr.ch\/","logo":{"@type":"ImageObject","inLanguage":"de","@id":"https:\/\/www.promfr.ch\/#\/schema\/logo\/image\/","url":"https:\/\/www.promfr.ch\/wp-content\/uploads\/2017\/07\/promotion-economique-fribourg-logo.png","contentUrl":"https:\/\/www.promfr.ch\/wp-content\/uploads\/2017\/07\/promotion-economique-fribourg-logo.png","width":515,"height":156,"caption":"Promotion \u00e9conomique du canton de Fribourg (PromFR)"},"image":{"@id":"https:\/\/www.promfr.ch\/#\/schema\/logo\/image\/"},"sameAs":["https:\/\/x.com\/promfr","https:\/\/www.linkedin.com\/company\/promfr","https:\/\/www.youtube.com\/user\/promfr"]},{"@type":"Person","@id":"https:\/\/www.promfr.ch\/#\/schema\/person\/f047043acc194ad83fe022d2589a73be","name":"Christoph Aebischer","image":{"@type":"ImageObject","inLanguage":"de","@id":"https:\/\/www.promfr.ch\/#\/schema\/person\/image\/","url":"https:\/\/secure.gravatar.com\/avatar\/8b4166163f8e0fcfc1c007b68b1b1ae94268859386b57ea5990cee54906dbd2f?s=96&d=mm&r=g","contentUrl":"https:\/\/secure.gravatar.com\/avatar\/8b4166163f8e0fcfc1c007b68b1b1ae94268859386b57ea5990cee54906dbd2f?s=96&d=mm&r=g","caption":"Christoph Aebischer"},"url":"https:\/\/www.promfr.ch\/de\/author\/c-aebischer\/"}]}},"_links":{"self":[{"href":"https:\/\/www.promfr.ch\/de\/wp-json\/wp\/v2\/posts\/12911","targetHints":{"allow":["GET"]}}],"collection":[{"href":"https:\/\/www.promfr.ch\/de\/wp-json\/wp\/v2\/posts"}],"about":[{"href":"https:\/\/www.promfr.ch\/de\/wp-json\/wp\/v2\/types\/post"}],"author":[{"embeddable":true,"href":"https:\/\/www.promfr.ch\/de\/wp-json\/wp\/v2\/users\/2"}],"replies":[{"embeddable":true,"href":"https:\/\/www.promfr.ch\/de\/wp-json\/wp\/v2\/comments?post=12911"}],"version-history":[{"count":1,"href":"https:\/\/www.promfr.ch\/de\/wp-json\/wp\/v2\/posts\/12911\/revisions"}],"predecessor-version":[{"id":12912,"href":"https:\/\/www.promfr.ch\/de\/wp-json\/wp\/v2\/posts\/12911\/revisions\/12912"}],"wp:featuredmedia":[{"embeddable":true,"href":"https:\/\/www.promfr.ch\/de\/wp-json\/wp\/v2\/media\/12902"}],"wp:attachment":[{"href":"https:\/\/www.promfr.ch\/de\/wp-json\/wp\/v2\/media?parent=12911"}],"wp:term":[{"taxonomy":"category","embeddable":true,"href":"https:\/\/www.promfr.ch\/de\/wp-json\/wp\/v2\/categories?post=12911"},{"taxonomy":"post_tag","embeddable":true,"href":"https:\/\/www.promfr.ch\/de\/wp-json\/wp\/v2\/tags?post=12911"}],"curies":[{"name":"wp","href":"https:\/\/api.w.org\/{rel}","templated":true}]}}