{"id":14864,"date":"2020-07-31T15:58:10","date_gmt":"2020-07-31T13:58:10","guid":{"rendered":"https:\/\/www.promfr.ch\/?p=14864"},"modified":"2020-07-31T15:58:10","modified_gmt":"2020-07-31T13:58:10","slug":"einladung-perspektiven-mit-dem-smart-living-lab","status":"publish","type":"post","link":"https:\/\/www.promfr.ch\/de\/2020\/07\/31\/einladung-perspektiven-mit-dem-smart-living-lab\/","title":{"rendered":"Einladung: Perspektiven mit dem Smart Living Lab"},"content":{"rendered":"<p>Die Wirtschaftsf\u00f6rderung Kanton Freiburg freut sich, Freiburger Unternehmen einzuladen, m\u00f6gliche Kooperationen mit dem Smart Living Lab zu entdecken. Das Smart Living Lab ist ein Forschungszentrum, das sich der Zukunft des Wohnens widmet und in dem die EPFL, die HTA-FR und die UNIFR in der blueFACTORY zusammengeschlossen sind.<\/p>\n<p>Die Teilnahme ist kostenlos, eine Anmeldung ist erforderlich \u00fcber das Online-Formular.<\/p>\n<p><a href=\"https:\/\/www.smartlivinglab.ch\/de\/perspectives\/\" rel=\"noopener noreferrer\" target=\"_blank\">> Detailliertes Programm und Anmeldung<\/a><\/p>\n","protected":false},"excerpt":{"rendered":"<p>Die Wirtschaftsf\u00f6rderung Kanton Freiburg freut sich, Freiburger Unternehmen einzuladen, m\u00f6gliche Kooperationen mit dem Smart Living Lab zu entdecken. Das Smart Living Lab ist ein Forschungszentrum, das sich der Zukunft des Wohnens widmet und in dem die EPFL, die HTA-FR und die UNIFR in der blueFACTORY&#8230;<\/p>\n","protected":false},"author":2,"featured_media":14865,"comment_status":"closed","ping_status":"open","sticky":false,"template":"","format":"standard","meta":{"footnotes":""},"categories":[83],"tags":[],"class_list":["post-14864","post","type-post","status-publish","format-standard","has-post-thumbnail","hentry","category-news-de"],"yoast_head":"<!-- This site is optimized with the Yoast SEO plugin v26.9 - https:\/\/yoast.com\/product\/yoast-seo-wordpress\/ -->\n<title>Einladung: Perspektiven mit dem Smart Living Lab - Wirtschaftsf\u00f6rderung WIF<\/title>\n<meta name=\"robots\" content=\"index, follow, max-snippet:-1, max-image-preview:large, max-video-preview:-1\" \/>\n<link rel=\"canonical\" href=\"https:\/\/www.promfr.ch\/de\/2020\/07\/31\/einladung-perspektiven-mit-dem-smart-living-lab\/\" \/>\n<meta property=\"og:locale\" content=\"de_DE\" \/>\n<meta property=\"og:type\" content=\"article\" \/>\n<meta property=\"og:title\" content=\"Einladung: Perspektiven mit dem Smart Living Lab - Wirtschaftsf\u00f6rderung WIF\" \/>\n<meta property=\"og:description\" content=\"Die Wirtschaftsf\u00f6rderung Kanton Freiburg freut sich, Freiburger Unternehmen einzuladen, m\u00f6gliche Kooperationen mit dem Smart Living Lab zu entdecken. Das Smart Living Lab ist ein Forschungszentrum, das sich der Zukunft des Wohnens widmet und in dem die EPFL, die HTA-FR und die UNIFR in der blueFACTORY...\" \/>\n<meta property=\"og:url\" content=\"https:\/\/www.promfr.ch\/de\/2020\/07\/31\/einladung-perspektiven-mit-dem-smart-living-lab\/\" \/>\n<meta property=\"og:site_name\" content=\"Wirtschaftsf\u00f6rderung WIF\" \/>\n<meta property=\"article:published_time\" content=\"2020-07-31T13:58:10+00:00\" \/>\n<meta property=\"og:image\" content=\"https:\/\/www.promfr.ch\/wp-content\/uploads\/2020\/07\/sll-perspectives-de.jpg\" \/>\n\t<meta property=\"og:image:width\" content=\"1920\" \/>\n\t<meta property=\"og:image:height\" content=\"1160\" \/>\n\t<meta property=\"og:image:type\" content=\"image\/jpeg\" \/>\n<meta name=\"author\" content=\"Christoph Aebischer\" \/>\n<meta name=\"twitter:card\" content=\"summary_large_image\" \/>\n<meta name=\"twitter:creator\" content=\"@promfr\" \/>\n<meta name=\"twitter:site\" content=\"@promfr\" \/>\n<script type=\"application\/ld+json\" class=\"yoast-schema-graph\">{\"@context\":\"https:\/\/schema.org\",\"@graph\":[{\"@type\":\"Article\",\"@id\":\"https:\/\/www.promfr.ch\/de\/2020\/07\/31\/einladung-perspektiven-mit-dem-smart-living-lab\/#article\",\"isPartOf\":{\"@id\":\"https:\/\/www.promfr.ch\/de\/2020\/07\/31\/einladung-perspektiven-mit-dem-smart-living-lab\/\"},\"author\":{\"name\":\"Christoph Aebischer\",\"@id\":\"https:\/\/www.promfr.ch\/#\/schema\/person\/f047043acc194ad83fe022d2589a73be\"},\"headline\":\"Einladung: Perspektiven mit dem Smart Living Lab\",\"datePublished\":\"2020-07-31T13:58:10+00:00\",\"mainEntityOfPage\":{\"@id\":\"https:\/\/www.promfr.ch\/de\/2020\/07\/31\/einladung-perspektiven-mit-dem-smart-living-lab\/\"},\"wordCount\":71,\"publisher\":{\"@id\":\"https:\/\/www.promfr.ch\/#organization\"},\"image\":{\"@id\":\"https:\/\/www.promfr.ch\/de\/2020\/07\/31\/einladung-perspektiven-mit-dem-smart-living-lab\/#primaryimage\"},\"thumbnailUrl\":\"https:\/\/www.promfr.ch\/wp-content\/uploads\/2020\/07\/sll-perspectives-de.jpg\",\"articleSection\":[\"News\"],\"inLanguage\":\"de\"},{\"@type\":\"WebPage\",\"@id\":\"https:\/\/www.promfr.ch\/de\/2020\/07\/31\/einladung-perspektiven-mit-dem-smart-living-lab\/\",\"url\":\"https:\/\/www.promfr.ch\/de\/2020\/07\/31\/einladung-perspektiven-mit-dem-smart-living-lab\/\",\"name\":\"Einladung: Perspektiven mit dem Smart Living Lab - Wirtschaftsf\u00f6rderung WIF\",\"isPartOf\":{\"@id\":\"https:\/\/www.promfr.ch\/#website\"},\"primaryImageOfPage\":{\"@id\":\"https:\/\/www.promfr.ch\/de\/2020\/07\/31\/einladung-perspektiven-mit-dem-smart-living-lab\/#primaryimage\"},\"image\":{\"@id\":\"https:\/\/www.promfr.ch\/de\/2020\/07\/31\/einladung-perspektiven-mit-dem-smart-living-lab\/#primaryimage\"},\"thumbnailUrl\":\"https:\/\/www.promfr.ch\/wp-content\/uploads\/2020\/07\/sll-perspectives-de.jpg\",\"datePublished\":\"2020-07-31T13:58:10+00:00\",\"breadcrumb\":{\"@id\":\"https:\/\/www.promfr.ch\/de\/2020\/07\/31\/einladung-perspektiven-mit-dem-smart-living-lab\/#breadcrumb\"},\"inLanguage\":\"de\",\"potentialAction\":[{\"@type\":\"ReadAction\",\"target\":[\"https:\/\/www.promfr.ch\/de\/2020\/07\/31\/einladung-perspektiven-mit-dem-smart-living-lab\/\"]}]},{\"@type\":\"ImageObject\",\"inLanguage\":\"de\",\"@id\":\"https:\/\/www.promfr.ch\/de\/2020\/07\/31\/einladung-perspektiven-mit-dem-smart-living-lab\/#primaryimage\",\"url\":\"https:\/\/www.promfr.ch\/wp-content\/uploads\/2020\/07\/sll-perspectives-de.jpg\",\"contentUrl\":\"https:\/\/www.promfr.ch\/wp-content\/uploads\/2020\/07\/sll-perspectives-de.jpg\",\"width\":1920,\"height\":1160},{\"@type\":\"BreadcrumbList\",\"@id\":\"https:\/\/www.promfr.ch\/de\/2020\/07\/31\/einladung-perspektiven-mit-dem-smart-living-lab\/#breadcrumb\",\"itemListElement\":[{\"@type\":\"ListItem\",\"position\":1,\"name\":\"Accueil\",\"item\":\"https:\/\/www.promfr.ch\/de\/\"},{\"@type\":\"ListItem\",\"position\":2,\"name\":\"Einladung: Perspektiven mit dem Smart Living Lab\"}]},{\"@type\":\"WebSite\",\"@id\":\"https:\/\/www.promfr.ch\/#website\",\"url\":\"https:\/\/www.promfr.ch\/\",\"name\":\"Promotion \u00e9conomique du canton de Fribourg (PromFR)\",\"description\":\"FRIBOURG, THE PLACE TO GROW!\",\"publisher\":{\"@id\":\"https:\/\/www.promfr.ch\/#organization\"},\"alternateName\":\"Wirtschaftsf\u00f6rderung Kanton Freiburg (WIF)\",\"potentialAction\":[{\"@type\":\"SearchAction\",\"target\":{\"@type\":\"EntryPoint\",\"urlTemplate\":\"https:\/\/www.promfr.ch\/?s={search_term_string}\"},\"query-input\":{\"@type\":\"PropertyValueSpecification\",\"valueRequired\":true,\"valueName\":\"search_term_string\"}}],\"inLanguage\":\"de\"},{\"@type\":\"Organization\",\"@id\":\"https:\/\/www.promfr.ch\/#organization\",\"name\":\"Promotion \u00e9conomique du canton de Fribourg (PromFR)\",\"alternateName\":\"Wirtschaftsf\u00f6rderung Kanton Freiburg (WIF)\",\"url\":\"https:\/\/www.promfr.ch\/\",\"logo\":{\"@type\":\"ImageObject\",\"inLanguage\":\"de\",\"@id\":\"https:\/\/www.promfr.ch\/#\/schema\/logo\/image\/\",\"url\":\"https:\/\/www.promfr.ch\/wp-content\/uploads\/2017\/07\/promotion-economique-fribourg-logo.png\",\"contentUrl\":\"https:\/\/www.promfr.ch\/wp-content\/uploads\/2017\/07\/promotion-economique-fribourg-logo.png\",\"width\":515,\"height\":156,\"caption\":\"Promotion \u00e9conomique du canton de Fribourg (PromFR)\"},\"image\":{\"@id\":\"https:\/\/www.promfr.ch\/#\/schema\/logo\/image\/\"},\"sameAs\":[\"https:\/\/x.com\/promfr\",\"https:\/\/www.linkedin.com\/company\/promfr\",\"https:\/\/www.youtube.com\/user\/promfr\"]},{\"@type\":\"Person\",\"@id\":\"https:\/\/www.promfr.ch\/#\/schema\/person\/f047043acc194ad83fe022d2589a73be\",\"name\":\"Christoph Aebischer\",\"image\":{\"@type\":\"ImageObject\",\"inLanguage\":\"de\",\"@id\":\"https:\/\/www.promfr.ch\/#\/schema\/person\/image\/\",\"url\":\"https:\/\/secure.gravatar.com\/avatar\/8b4166163f8e0fcfc1c007b68b1b1ae94268859386b57ea5990cee54906dbd2f?s=96&d=mm&r=g\",\"contentUrl\":\"https:\/\/secure.gravatar.com\/avatar\/8b4166163f8e0fcfc1c007b68b1b1ae94268859386b57ea5990cee54906dbd2f?s=96&d=mm&r=g\",\"caption\":\"Christoph Aebischer\"},\"url\":\"https:\/\/www.promfr.ch\/de\/author\/c-aebischer\/\"}]}<\/script>\n<!-- \/ Yoast SEO plugin. -->","yoast_head_json":{"title":"Einladung: Perspektiven mit dem Smart Living Lab - Wirtschaftsf\u00f6rderung WIF","robots":{"index":"index","follow":"follow","max-snippet":"max-snippet:-1","max-image-preview":"max-image-preview:large","max-video-preview":"max-video-preview:-1"},"canonical":"https:\/\/www.promfr.ch\/de\/2020\/07\/31\/einladung-perspektiven-mit-dem-smart-living-lab\/","og_locale":"de_DE","og_type":"article","og_title":"Einladung: Perspektiven mit dem Smart Living Lab - Wirtschaftsf\u00f6rderung WIF","og_description":"Die Wirtschaftsf\u00f6rderung Kanton Freiburg freut sich, Freiburger Unternehmen einzuladen, m\u00f6gliche Kooperationen mit dem Smart Living Lab zu entdecken. Das Smart Living Lab ist ein Forschungszentrum, das sich der Zukunft des Wohnens widmet und in dem die EPFL, die HTA-FR und die UNIFR in der blueFACTORY...","og_url":"https:\/\/www.promfr.ch\/de\/2020\/07\/31\/einladung-perspektiven-mit-dem-smart-living-lab\/","og_site_name":"Wirtschaftsf\u00f6rderung WIF","article_published_time":"2020-07-31T13:58:10+00:00","og_image":[{"width":1920,"height":1160,"url":"https:\/\/www.promfr.ch\/wp-content\/uploads\/2020\/07\/sll-perspectives-de.jpg","type":"image\/jpeg"}],"author":"Christoph Aebischer","twitter_card":"summary_large_image","twitter_creator":"@promfr","twitter_site":"@promfr","schema":{"@context":"https:\/\/schema.org","@graph":[{"@type":"Article","@id":"https:\/\/www.promfr.ch\/de\/2020\/07\/31\/einladung-perspektiven-mit-dem-smart-living-lab\/#article","isPartOf":{"@id":"https:\/\/www.promfr.ch\/de\/2020\/07\/31\/einladung-perspektiven-mit-dem-smart-living-lab\/"},"author":{"name":"Christoph Aebischer","@id":"https:\/\/www.promfr.ch\/#\/schema\/person\/f047043acc194ad83fe022d2589a73be"},"headline":"Einladung: Perspektiven mit dem Smart Living Lab","datePublished":"2020-07-31T13:58:10+00:00","mainEntityOfPage":{"@id":"https:\/\/www.promfr.ch\/de\/2020\/07\/31\/einladung-perspektiven-mit-dem-smart-living-lab\/"},"wordCount":71,"publisher":{"@id":"https:\/\/www.promfr.ch\/#organization"},"image":{"@id":"https:\/\/www.promfr.ch\/de\/2020\/07\/31\/einladung-perspektiven-mit-dem-smart-living-lab\/#primaryimage"},"thumbnailUrl":"https:\/\/www.promfr.ch\/wp-content\/uploads\/2020\/07\/sll-perspectives-de.jpg","articleSection":["News"],"inLanguage":"de"},{"@type":"WebPage","@id":"https:\/\/www.promfr.ch\/de\/2020\/07\/31\/einladung-perspektiven-mit-dem-smart-living-lab\/","url":"https:\/\/www.promfr.ch\/de\/2020\/07\/31\/einladung-perspektiven-mit-dem-smart-living-lab\/","name":"Einladung: Perspektiven mit dem Smart Living Lab - Wirtschaftsf\u00f6rderung WIF","isPartOf":{"@id":"https:\/\/www.promfr.ch\/#website"},"primaryImageOfPage":{"@id":"https:\/\/www.promfr.ch\/de\/2020\/07\/31\/einladung-perspektiven-mit-dem-smart-living-lab\/#primaryimage"},"image":{"@id":"https:\/\/www.promfr.ch\/de\/2020\/07\/31\/einladung-perspektiven-mit-dem-smart-living-lab\/#primaryimage"},"thumbnailUrl":"https:\/\/www.promfr.ch\/wp-content\/uploads\/2020\/07\/sll-perspectives-de.jpg","datePublished":"2020-07-31T13:58:10+00:00","breadcrumb":{"@id":"https:\/\/www.promfr.ch\/de\/2020\/07\/31\/einladung-perspektiven-mit-dem-smart-living-lab\/#breadcrumb"},"inLanguage":"de","potentialAction":[{"@type":"ReadAction","target":["https:\/\/www.promfr.ch\/de\/2020\/07\/31\/einladung-perspektiven-mit-dem-smart-living-lab\/"]}]},{"@type":"ImageObject","inLanguage":"de","@id":"https:\/\/www.promfr.ch\/de\/2020\/07\/31\/einladung-perspektiven-mit-dem-smart-living-lab\/#primaryimage","url":"https:\/\/www.promfr.ch\/wp-content\/uploads\/2020\/07\/sll-perspectives-de.jpg","contentUrl":"https:\/\/www.promfr.ch\/wp-content\/uploads\/2020\/07\/sll-perspectives-de.jpg","width":1920,"height":1160},{"@type":"BreadcrumbList","@id":"https:\/\/www.promfr.ch\/de\/2020\/07\/31\/einladung-perspektiven-mit-dem-smart-living-lab\/#breadcrumb","itemListElement":[{"@type":"ListItem","position":1,"name":"Accueil","item":"https:\/\/www.promfr.ch\/de\/"},{"@type":"ListItem","position":2,"name":"Einladung: Perspektiven mit dem Smart Living Lab"}]},{"@type":"WebSite","@id":"https:\/\/www.promfr.ch\/#website","url":"https:\/\/www.promfr.ch\/","name":"Promotion \u00e9conomique du canton de Fribourg (PromFR)","description":"FRIBOURG, THE PLACE TO GROW!","publisher":{"@id":"https:\/\/www.promfr.ch\/#organization"},"alternateName":"Wirtschaftsf\u00f6rderung Kanton Freiburg (WIF)","potentialAction":[{"@type":"SearchAction","target":{"@type":"EntryPoint","urlTemplate":"https:\/\/www.promfr.ch\/?s={search_term_string}"},"query-input":{"@type":"PropertyValueSpecification","valueRequired":true,"valueName":"search_term_string"}}],"inLanguage":"de"},{"@type":"Organization","@id":"https:\/\/www.promfr.ch\/#organization","name":"Promotion \u00e9conomique du canton de Fribourg (PromFR)","alternateName":"Wirtschaftsf\u00f6rderung Kanton Freiburg (WIF)","url":"https:\/\/www.promfr.ch\/","logo":{"@type":"ImageObject","inLanguage":"de","@id":"https:\/\/www.promfr.ch\/#\/schema\/logo\/image\/","url":"https:\/\/www.promfr.ch\/wp-content\/uploads\/2017\/07\/promotion-economique-fribourg-logo.png","contentUrl":"https:\/\/www.promfr.ch\/wp-content\/uploads\/2017\/07\/promotion-economique-fribourg-logo.png","width":515,"height":156,"caption":"Promotion \u00e9conomique du canton de Fribourg (PromFR)"},"image":{"@id":"https:\/\/www.promfr.ch\/#\/schema\/logo\/image\/"},"sameAs":["https:\/\/x.com\/promfr","https:\/\/www.linkedin.com\/company\/promfr","https:\/\/www.youtube.com\/user\/promfr"]},{"@type":"Person","@id":"https:\/\/www.promfr.ch\/#\/schema\/person\/f047043acc194ad83fe022d2589a73be","name":"Christoph Aebischer","image":{"@type":"ImageObject","inLanguage":"de","@id":"https:\/\/www.promfr.ch\/#\/schema\/person\/image\/","url":"https:\/\/secure.gravatar.com\/avatar\/8b4166163f8e0fcfc1c007b68b1b1ae94268859386b57ea5990cee54906dbd2f?s=96&d=mm&r=g","contentUrl":"https:\/\/secure.gravatar.com\/avatar\/8b4166163f8e0fcfc1c007b68b1b1ae94268859386b57ea5990cee54906dbd2f?s=96&d=mm&r=g","caption":"Christoph Aebischer"},"url":"https:\/\/www.promfr.ch\/de\/author\/c-aebischer\/"}]}},"_links":{"self":[{"href":"https:\/\/www.promfr.ch\/de\/wp-json\/wp\/v2\/posts\/14864","targetHints":{"allow":["GET"]}}],"collection":[{"href":"https:\/\/www.promfr.ch\/de\/wp-json\/wp\/v2\/posts"}],"about":[{"href":"https:\/\/www.promfr.ch\/de\/wp-json\/wp\/v2\/types\/post"}],"author":[{"embeddable":true,"href":"https:\/\/www.promfr.ch\/de\/wp-json\/wp\/v2\/users\/2"}],"replies":[{"embeddable":true,"href":"https:\/\/www.promfr.ch\/de\/wp-json\/wp\/v2\/comments?post=14864"}],"version-history":[{"count":1,"href":"https:\/\/www.promfr.ch\/de\/wp-json\/wp\/v2\/posts\/14864\/revisions"}],"predecessor-version":[{"id":14868,"href":"https:\/\/www.promfr.ch\/de\/wp-json\/wp\/v2\/posts\/14864\/revisions\/14868"}],"wp:featuredmedia":[{"embeddable":true,"href":"https:\/\/www.promfr.ch\/de\/wp-json\/wp\/v2\/media\/14865"}],"wp:attachment":[{"href":"https:\/\/www.promfr.ch\/de\/wp-json\/wp\/v2\/media?parent=14864"}],"wp:term":[{"taxonomy":"category","embeddable":true,"href":"https:\/\/www.promfr.ch\/de\/wp-json\/wp\/v2\/categories?post=14864"},{"taxonomy":"post_tag","embeddable":true,"href":"https:\/\/www.promfr.ch\/de\/wp-json\/wp\/v2\/tags?post=14864"}],"curies":[{"name":"wp","href":"https:\/\/api.w.org\/{rel}","templated":true}]}}