{"id":15773,"date":"2021-02-01T09:06:18","date_gmt":"2021-02-01T08:06:18","guid":{"rendered":"https:\/\/www.promfr.ch\/?p=15773"},"modified":"2021-02-01T09:06:18","modified_gmt":"2021-02-01T08:06:18","slug":"kromatix-ag-neues-technologie-unternehmen-laesst-sich-im-kanton-freiburg-nieder","status":"publish","type":"post","link":"https:\/\/www.promfr.ch\/de\/2021\/02\/01\/kromatix-ag-neues-technologie-unternehmen-laesst-sich-im-kanton-freiburg-nieder\/","title":{"rendered":"Kromatix AG \u2013 Neues Technologie-Unternehmen l\u00e4sst sich im Kanton Freiburg nieder"},"content":{"rendered":"<p><em>Romont, die Schweizer Hauptstadt des Glases und der Glasmalerei, wird um eine Perle reicher. Das Unternehmen Kromatix AG, das Fotovoltaikmodule aus farbigem Glas entwickelt und herstellt, errichtet sein neues Produktionswerk in der Industriezone La Maillarde. Die mit der ETH Lausanne entwickelte Technologie wurde vom Unternehmen \u00fcbernommen und weiterentwickelt. Die ersten Prototypen wurden in Dubai hergestellt, um die Machbarkeit des Konzepts zu beweisen. Die Niederlassung in Dubai k\u00fcmmert sich in Zukunft um den Vertrieb und um die Projekte in den Golfstaaten. Die Produktion wird in der Schweiz erfolgen. Mehr als 25 Millionen Franken wurden bis zum jetzigen Zeitpunkt investiert. Zahlreiche Projekte, in der Schweiz und im Ausland, wurden bereits erfolgreich realisiert und mit mehreren Technologie- und Architekturpreisen ausgezeichnet. Kromatix wird am neuen Produktionsstandort, der im Besitz des Staates Freiburg ist, mittelfristig 50 neue Arbeitspl\u00e4tze schaffen. Die Produktion in Romont startet Ende Februar 2021.<\/em><\/p>\n<p>Mit ihrem neuen Produktionsstandort in Romont, kommt die Firma SwissINSO, Besitzerin der Kromatix AG, der stetig steigenden Nachfrage nach. Damit kann ein Produkt angeboten werden, das in der Schweiz nicht nur entwickelt wurde, sondern auch produziert wird. Nach Pr\u00fcfung verschiedener Standortoptionen in der Schweiz hat sich SwissINSO f\u00fcr Romont entschieden. Das Unternehmen Kromatix AG l\u00e4sst sich in den Hallen nieder, die im Besitz des Staates Freiburg sind.<\/p>\n<p>Rafic Hanbali, Verwaltungsratspr\u00e4sident von Kromatix AG: \u00abIn Romont haben wir hochwertige R\u00e4umlichkeiten gefunden. Aufgrund der Glasherstellungstradition der Region und der m\u00f6glichen Synergien mit weiteren Partnern in der N\u00e4he ist der Standort im Kanton Freiburg perfekt f\u00fcr die Entwicklung unserer Aktivit\u00e4ten\u00bb.<\/p>\n<p>Im ersten Jahr will Kromatix AG in Romont insbesondere im Produktionsbereich 15 neue Stellen schaffen. Je nach Entwicklung der Aktivit\u00e4ten werden im Kanton Freiburg mittelfristig rund 50 neue Arbeitspl\u00e4tze entstehen.<\/p>\n<p>Jerry Krattiger, Direktor der Wirtschaftsf\u00f6rderung Kanton Freiburg: \u00abKromatix AG ist in einem zukunftsweisenden Bereich t\u00e4tig, orientiert sich an der nachhaltigen Entwicklung und nutzt die Sonne als erneuerbare Energiequelle. Der Markt ist beachtlich und wachstumsstark. Mit Kromatix AG haben wir einen ganz besonderen Partner, der Mehrwert und Arbeitspl\u00e4tze schafft. Es handelt sich um ein qualitativ und technologisch hochstehendes Projekt in der Biowirtschaft und insbesondere im Bausektor, eine der tragenden S\u00e4ulen der Freiburger Wirtschaft\u00bb.<\/p>\n<p>Kromatix AG hat weltweit bereits \u00fcber 30 Projekte mit der von SwissINSO entwickelten Technologie umgesetzt. Beispielsweise das Verwaltungsgeb\u00e4ude von Romande Energie in Pr\u00e9verenges oder das Spital von Bornholm in D\u00e4nemark hat man mit Kromatix-Produkten verkleidet. Die Fassade der internationalen Schule in Kopenhagen ihrerseits wurde auf einer Fl\u00e4che von \u00fcber 6000 m<sup>2<\/sup> mit Solarmodulen von Kromatix best\u00fcckt (vgl. Foto). Dieses Projekt wurde 2017 mit dem Preis der <em>Iconic Awards<\/em> f\u00fcr seine innovative architektonische Umsetzung ausgezeichnet. Weitere Referenzprojekte mit Kromatix-Solarglas sind auf der Website von <a href=\"https:\/\/www.swissinso.com\/\" target=\"_blank\" rel=\"noopener\">SwissINSO (www.swissinso.com)<\/a> aufgef\u00fchrt.<\/p>\n<p>Der Oberamtmann des Glanebezirks, Willy Schorderet, und der Gemeinderat von Romont sind auch sehr gl\u00fccklich \u00fcber die neue Ansiedlung. \u00abWir freuen uns, dass sich in der Region ein neues Aush\u00e4ngeschild der Glasindustrie niederl\u00e4sst. Es ist ein sehr sch\u00f6nes Projekt mit guten Aussichten f\u00fcr neue Arbeitspl\u00e4tze\u00bb.<\/p>\n<p>Die neue Technologie, die ihren Ursprung an der ETH Lausanne hat und durch SwissINSO weiterentwickelt wurde, kann Glas mittels Kathodenzerst\u00e4ubung (Plasmatechnologie) eingef\u00e4rbt werden. Die Innovation besteht im F\u00e4rbungsverfahren des Glases, indem d\u00fcnne Schichten im Nanometerbereich aufgetragen werden, die danach einen dauerhaften Teil des Glases bilden.<\/p>\n<p>Mit dieser Technik kann Glas nach Wunsch eingef\u00e4rbt werden, ohne den Wirkungsgrad der Solarzellen zu beeintr\u00e4chtigen. Auch dann nicht, wenn diese an der Fassade angebracht werden, weil sie die Energie kompensiert, die von einer vertikalen Anlage weniger produziert wird (BIPV: <em>Building Integrated Photovoltaics<\/em>).<\/p>\n<p>Das verwendete Verfahren erm\u00f6glicht es, das Glas ohne den Einsatz von Farbe oder Pigmenten einzuf\u00e4rben. Das Glas reflektiert nur die Wellenl\u00e4nge der gew\u00fcnschten Farbe und verteilt den Rest des Lichts an alle damit verbundenen Fotovoltaik-Zellen. Durch diese Technologie wird das Glas auch viel alterungsbest\u00e4ndiger als bei vergleichbaren Produkten und ausserdem kann es als attraktives Gestaltungselement in der Architektur eingesetzt werden.<\/p>\n","protected":false},"excerpt":{"rendered":"<p>Romont, die Schweizer Hauptstadt des Glases und der Glasmalerei, wird um eine Perle reicher. Das Unternehmen Kromatix AG, das Fotovoltaikmodule aus farbigem Glas entwickelt und herstellt, errichtet sein neues Produktionswerk in der Industriezone La Maillarde. Die mit der ETH Lausanne entwickelte Technologie wurde vom Unternehmen&#8230;<\/p>\n","protected":false},"author":2,"featured_media":15764,"comment_status":"closed","ping_status":"open","sticky":false,"template":"","format":"standard","meta":{"footnotes":""},"categories":[83],"tags":[162,87],"class_list":["post-15773","post","type-post","status-publish","format-standard","has-post-thumbnail","hentry","category-news-de","tag-unternehmen","tag-wirtschaftsforderung-kanton-freiburg"],"yoast_head":"<!-- This site is optimized with the Yoast SEO plugin v26.9 - https:\/\/yoast.com\/product\/yoast-seo-wordpress\/ -->\n<title>Kromatix AG \u2013 Neues Technologie-Unternehmen l\u00e4sst sich im Kanton Freiburg nieder - Wirtschaftsf\u00f6rderung WIF<\/title>\n<meta name=\"robots\" content=\"index, follow, max-snippet:-1, max-image-preview:large, max-video-preview:-1\" \/>\n<link rel=\"canonical\" href=\"https:\/\/www.promfr.ch\/de\/2021\/02\/01\/kromatix-ag-neues-technologie-unternehmen-laesst-sich-im-kanton-freiburg-nieder\/\" \/>\n<meta property=\"og:locale\" content=\"de_DE\" \/>\n<meta property=\"og:type\" content=\"article\" \/>\n<meta property=\"og:title\" content=\"Kromatix AG \u2013 Neues Technologie-Unternehmen l\u00e4sst sich im Kanton Freiburg nieder - Wirtschaftsf\u00f6rderung WIF\" \/>\n<meta property=\"og:description\" content=\"Romont, die Schweizer Hauptstadt des Glases und der Glasmalerei, wird um eine Perle reicher. Das Unternehmen Kromatix AG, das Fotovoltaikmodule aus farbigem Glas entwickelt und herstellt, errichtet sein neues Produktionswerk in der Industriezone La Maillarde. Die mit der ETH Lausanne entwickelte Technologie wurde vom Unternehmen...\" \/>\n<meta property=\"og:url\" content=\"https:\/\/www.promfr.ch\/de\/2021\/02\/01\/kromatix-ag-neues-technologie-unternehmen-laesst-sich-im-kanton-freiburg-nieder\/\" \/>\n<meta property=\"og:site_name\" content=\"Wirtschaftsf\u00f6rderung WIF\" \/>\n<meta property=\"article:published_time\" content=\"2021-02-01T08:06:18+00:00\" \/>\n<meta property=\"og:image\" content=\"https:\/\/www.promfr.ch\/wp-content\/uploads\/2021\/01\/kromatix-photo1-scaled.jpg\" \/>\n\t<meta property=\"og:image:width\" content=\"2560\" \/>\n\t<meta property=\"og:image:height\" content=\"827\" \/>\n\t<meta property=\"og:image:type\" content=\"image\/jpeg\" \/>\n<meta name=\"author\" content=\"Christoph Aebischer\" \/>\n<meta name=\"twitter:card\" content=\"summary_large_image\" \/>\n<meta name=\"twitter:creator\" content=\"@promfr\" \/>\n<meta name=\"twitter:site\" content=\"@promfr\" \/>\n<script type=\"application\/ld+json\" class=\"yoast-schema-graph\">{\"@context\":\"https:\/\/schema.org\",\"@graph\":[{\"@type\":\"Article\",\"@id\":\"https:\/\/www.promfr.ch\/de\/2021\/02\/01\/kromatix-ag-neues-technologie-unternehmen-laesst-sich-im-kanton-freiburg-nieder\/#article\",\"isPartOf\":{\"@id\":\"https:\/\/www.promfr.ch\/de\/2021\/02\/01\/kromatix-ag-neues-technologie-unternehmen-laesst-sich-im-kanton-freiburg-nieder\/\"},\"author\":{\"name\":\"Christoph Aebischer\",\"@id\":\"https:\/\/www.promfr.ch\/#\/schema\/person\/f047043acc194ad83fe022d2589a73be\"},\"headline\":\"Kromatix AG \u2013 Neues Technologie-Unternehmen l\u00e4sst sich im Kanton Freiburg nieder\",\"datePublished\":\"2021-02-01T08:06:18+00:00\",\"mainEntityOfPage\":{\"@id\":\"https:\/\/www.promfr.ch\/de\/2021\/02\/01\/kromatix-ag-neues-technologie-unternehmen-laesst-sich-im-kanton-freiburg-nieder\/\"},\"wordCount\":676,\"publisher\":{\"@id\":\"https:\/\/www.promfr.ch\/#organization\"},\"image\":{\"@id\":\"https:\/\/www.promfr.ch\/de\/2021\/02\/01\/kromatix-ag-neues-technologie-unternehmen-laesst-sich-im-kanton-freiburg-nieder\/#primaryimage\"},\"thumbnailUrl\":\"https:\/\/www.promfr.ch\/wp-content\/uploads\/2021\/01\/kromatix-photo1-scaled.jpg\",\"keywords\":[\"Unternehmen\",\"Wirtschaftsf\u00f6rderung Kanton Freiburg\"],\"articleSection\":[\"News\"],\"inLanguage\":\"de\"},{\"@type\":\"WebPage\",\"@id\":\"https:\/\/www.promfr.ch\/de\/2021\/02\/01\/kromatix-ag-neues-technologie-unternehmen-laesst-sich-im-kanton-freiburg-nieder\/\",\"url\":\"https:\/\/www.promfr.ch\/de\/2021\/02\/01\/kromatix-ag-neues-technologie-unternehmen-laesst-sich-im-kanton-freiburg-nieder\/\",\"name\":\"Kromatix AG \u2013 Neues Technologie-Unternehmen l\u00e4sst sich im Kanton Freiburg nieder - Wirtschaftsf\u00f6rderung WIF\",\"isPartOf\":{\"@id\":\"https:\/\/www.promfr.ch\/#website\"},\"primaryImageOfPage\":{\"@id\":\"https:\/\/www.promfr.ch\/de\/2021\/02\/01\/kromatix-ag-neues-technologie-unternehmen-laesst-sich-im-kanton-freiburg-nieder\/#primaryimage\"},\"image\":{\"@id\":\"https:\/\/www.promfr.ch\/de\/2021\/02\/01\/kromatix-ag-neues-technologie-unternehmen-laesst-sich-im-kanton-freiburg-nieder\/#primaryimage\"},\"thumbnailUrl\":\"https:\/\/www.promfr.ch\/wp-content\/uploads\/2021\/01\/kromatix-photo1-scaled.jpg\",\"datePublished\":\"2021-02-01T08:06:18+00:00\",\"breadcrumb\":{\"@id\":\"https:\/\/www.promfr.ch\/de\/2021\/02\/01\/kromatix-ag-neues-technologie-unternehmen-laesst-sich-im-kanton-freiburg-nieder\/#breadcrumb\"},\"inLanguage\":\"de\",\"potentialAction\":[{\"@type\":\"ReadAction\",\"target\":[\"https:\/\/www.promfr.ch\/de\/2021\/02\/01\/kromatix-ag-neues-technologie-unternehmen-laesst-sich-im-kanton-freiburg-nieder\/\"]}]},{\"@type\":\"ImageObject\",\"inLanguage\":\"de\",\"@id\":\"https:\/\/www.promfr.ch\/de\/2021\/02\/01\/kromatix-ag-neues-technologie-unternehmen-laesst-sich-im-kanton-freiburg-nieder\/#primaryimage\",\"url\":\"https:\/\/www.promfr.ch\/wp-content\/uploads\/2021\/01\/kromatix-photo1-scaled.jpg\",\"contentUrl\":\"https:\/\/www.promfr.ch\/wp-content\/uploads\/2021\/01\/kromatix-photo1-scaled.jpg\",\"width\":2560,\"height\":827},{\"@type\":\"BreadcrumbList\",\"@id\":\"https:\/\/www.promfr.ch\/de\/2021\/02\/01\/kromatix-ag-neues-technologie-unternehmen-laesst-sich-im-kanton-freiburg-nieder\/#breadcrumb\",\"itemListElement\":[{\"@type\":\"ListItem\",\"position\":1,\"name\":\"Accueil\",\"item\":\"https:\/\/www.promfr.ch\/de\/\"},{\"@type\":\"ListItem\",\"position\":2,\"name\":\"Kromatix AG \u2013 Neues Technologie-Unternehmen l\u00e4sst sich im Kanton Freiburg nieder\"}]},{\"@type\":\"WebSite\",\"@id\":\"https:\/\/www.promfr.ch\/#website\",\"url\":\"https:\/\/www.promfr.ch\/\",\"name\":\"Promotion \u00e9conomique du canton de Fribourg (PromFR)\",\"description\":\"FRIBOURG, THE PLACE TO GROW!\",\"publisher\":{\"@id\":\"https:\/\/www.promfr.ch\/#organization\"},\"alternateName\":\"Wirtschaftsf\u00f6rderung Kanton Freiburg (WIF)\",\"potentialAction\":[{\"@type\":\"SearchAction\",\"target\":{\"@type\":\"EntryPoint\",\"urlTemplate\":\"https:\/\/www.promfr.ch\/?s={search_term_string}\"},\"query-input\":{\"@type\":\"PropertyValueSpecification\",\"valueRequired\":true,\"valueName\":\"search_term_string\"}}],\"inLanguage\":\"de\"},{\"@type\":\"Organization\",\"@id\":\"https:\/\/www.promfr.ch\/#organization\",\"name\":\"Promotion \u00e9conomique du canton de Fribourg (PromFR)\",\"alternateName\":\"Wirtschaftsf\u00f6rderung Kanton Freiburg (WIF)\",\"url\":\"https:\/\/www.promfr.ch\/\",\"logo\":{\"@type\":\"ImageObject\",\"inLanguage\":\"de\",\"@id\":\"https:\/\/www.promfr.ch\/#\/schema\/logo\/image\/\",\"url\":\"https:\/\/www.promfr.ch\/wp-content\/uploads\/2017\/07\/promotion-economique-fribourg-logo.png\",\"contentUrl\":\"https:\/\/www.promfr.ch\/wp-content\/uploads\/2017\/07\/promotion-economique-fribourg-logo.png\",\"width\":515,\"height\":156,\"caption\":\"Promotion \u00e9conomique du canton de Fribourg (PromFR)\"},\"image\":{\"@id\":\"https:\/\/www.promfr.ch\/#\/schema\/logo\/image\/\"},\"sameAs\":[\"https:\/\/x.com\/promfr\",\"https:\/\/www.linkedin.com\/company\/promfr\",\"https:\/\/www.youtube.com\/user\/promfr\"]},{\"@type\":\"Person\",\"@id\":\"https:\/\/www.promfr.ch\/#\/schema\/person\/f047043acc194ad83fe022d2589a73be\",\"name\":\"Christoph Aebischer\",\"image\":{\"@type\":\"ImageObject\",\"inLanguage\":\"de\",\"@id\":\"https:\/\/www.promfr.ch\/#\/schema\/person\/image\/\",\"url\":\"https:\/\/secure.gravatar.com\/avatar\/8b4166163f8e0fcfc1c007b68b1b1ae94268859386b57ea5990cee54906dbd2f?s=96&d=mm&r=g\",\"contentUrl\":\"https:\/\/secure.gravatar.com\/avatar\/8b4166163f8e0fcfc1c007b68b1b1ae94268859386b57ea5990cee54906dbd2f?s=96&d=mm&r=g\",\"caption\":\"Christoph Aebischer\"},\"url\":\"https:\/\/www.promfr.ch\/de\/author\/c-aebischer\/\"}]}<\/script>\n<!-- \/ Yoast SEO plugin. -->","yoast_head_json":{"title":"Kromatix AG \u2013 Neues Technologie-Unternehmen l\u00e4sst sich im Kanton Freiburg nieder - Wirtschaftsf\u00f6rderung WIF","robots":{"index":"index","follow":"follow","max-snippet":"max-snippet:-1","max-image-preview":"max-image-preview:large","max-video-preview":"max-video-preview:-1"},"canonical":"https:\/\/www.promfr.ch\/de\/2021\/02\/01\/kromatix-ag-neues-technologie-unternehmen-laesst-sich-im-kanton-freiburg-nieder\/","og_locale":"de_DE","og_type":"article","og_title":"Kromatix AG \u2013 Neues Technologie-Unternehmen l\u00e4sst sich im Kanton Freiburg nieder - Wirtschaftsf\u00f6rderung WIF","og_description":"Romont, die Schweizer Hauptstadt des Glases und der Glasmalerei, wird um eine Perle reicher. Das Unternehmen Kromatix AG, das Fotovoltaikmodule aus farbigem Glas entwickelt und herstellt, errichtet sein neues Produktionswerk in der Industriezone La Maillarde. Die mit der ETH Lausanne entwickelte Technologie wurde vom Unternehmen...","og_url":"https:\/\/www.promfr.ch\/de\/2021\/02\/01\/kromatix-ag-neues-technologie-unternehmen-laesst-sich-im-kanton-freiburg-nieder\/","og_site_name":"Wirtschaftsf\u00f6rderung WIF","article_published_time":"2021-02-01T08:06:18+00:00","og_image":[{"width":2560,"height":827,"url":"https:\/\/www.promfr.ch\/wp-content\/uploads\/2021\/01\/kromatix-photo1-scaled.jpg","type":"image\/jpeg"}],"author":"Christoph Aebischer","twitter_card":"summary_large_image","twitter_creator":"@promfr","twitter_site":"@promfr","schema":{"@context":"https:\/\/schema.org","@graph":[{"@type":"Article","@id":"https:\/\/www.promfr.ch\/de\/2021\/02\/01\/kromatix-ag-neues-technologie-unternehmen-laesst-sich-im-kanton-freiburg-nieder\/#article","isPartOf":{"@id":"https:\/\/www.promfr.ch\/de\/2021\/02\/01\/kromatix-ag-neues-technologie-unternehmen-laesst-sich-im-kanton-freiburg-nieder\/"},"author":{"name":"Christoph Aebischer","@id":"https:\/\/www.promfr.ch\/#\/schema\/person\/f047043acc194ad83fe022d2589a73be"},"headline":"Kromatix AG \u2013 Neues Technologie-Unternehmen l\u00e4sst sich im Kanton Freiburg nieder","datePublished":"2021-02-01T08:06:18+00:00","mainEntityOfPage":{"@id":"https:\/\/www.promfr.ch\/de\/2021\/02\/01\/kromatix-ag-neues-technologie-unternehmen-laesst-sich-im-kanton-freiburg-nieder\/"},"wordCount":676,"publisher":{"@id":"https:\/\/www.promfr.ch\/#organization"},"image":{"@id":"https:\/\/www.promfr.ch\/de\/2021\/02\/01\/kromatix-ag-neues-technologie-unternehmen-laesst-sich-im-kanton-freiburg-nieder\/#primaryimage"},"thumbnailUrl":"https:\/\/www.promfr.ch\/wp-content\/uploads\/2021\/01\/kromatix-photo1-scaled.jpg","keywords":["Unternehmen","Wirtschaftsf\u00f6rderung Kanton Freiburg"],"articleSection":["News"],"inLanguage":"de"},{"@type":"WebPage","@id":"https:\/\/www.promfr.ch\/de\/2021\/02\/01\/kromatix-ag-neues-technologie-unternehmen-laesst-sich-im-kanton-freiburg-nieder\/","url":"https:\/\/www.promfr.ch\/de\/2021\/02\/01\/kromatix-ag-neues-technologie-unternehmen-laesst-sich-im-kanton-freiburg-nieder\/","name":"Kromatix AG \u2013 Neues Technologie-Unternehmen l\u00e4sst sich im Kanton Freiburg nieder - Wirtschaftsf\u00f6rderung WIF","isPartOf":{"@id":"https:\/\/www.promfr.ch\/#website"},"primaryImageOfPage":{"@id":"https:\/\/www.promfr.ch\/de\/2021\/02\/01\/kromatix-ag-neues-technologie-unternehmen-laesst-sich-im-kanton-freiburg-nieder\/#primaryimage"},"image":{"@id":"https:\/\/www.promfr.ch\/de\/2021\/02\/01\/kromatix-ag-neues-technologie-unternehmen-laesst-sich-im-kanton-freiburg-nieder\/#primaryimage"},"thumbnailUrl":"https:\/\/www.promfr.ch\/wp-content\/uploads\/2021\/01\/kromatix-photo1-scaled.jpg","datePublished":"2021-02-01T08:06:18+00:00","breadcrumb":{"@id":"https:\/\/www.promfr.ch\/de\/2021\/02\/01\/kromatix-ag-neues-technologie-unternehmen-laesst-sich-im-kanton-freiburg-nieder\/#breadcrumb"},"inLanguage":"de","potentialAction":[{"@type":"ReadAction","target":["https:\/\/www.promfr.ch\/de\/2021\/02\/01\/kromatix-ag-neues-technologie-unternehmen-laesst-sich-im-kanton-freiburg-nieder\/"]}]},{"@type":"ImageObject","inLanguage":"de","@id":"https:\/\/www.promfr.ch\/de\/2021\/02\/01\/kromatix-ag-neues-technologie-unternehmen-laesst-sich-im-kanton-freiburg-nieder\/#primaryimage","url":"https:\/\/www.promfr.ch\/wp-content\/uploads\/2021\/01\/kromatix-photo1-scaled.jpg","contentUrl":"https:\/\/www.promfr.ch\/wp-content\/uploads\/2021\/01\/kromatix-photo1-scaled.jpg","width":2560,"height":827},{"@type":"BreadcrumbList","@id":"https:\/\/www.promfr.ch\/de\/2021\/02\/01\/kromatix-ag-neues-technologie-unternehmen-laesst-sich-im-kanton-freiburg-nieder\/#breadcrumb","itemListElement":[{"@type":"ListItem","position":1,"name":"Accueil","item":"https:\/\/www.promfr.ch\/de\/"},{"@type":"ListItem","position":2,"name":"Kromatix AG \u2013 Neues Technologie-Unternehmen l\u00e4sst sich im Kanton Freiburg nieder"}]},{"@type":"WebSite","@id":"https:\/\/www.promfr.ch\/#website","url":"https:\/\/www.promfr.ch\/","name":"Promotion \u00e9conomique du canton de Fribourg (PromFR)","description":"FRIBOURG, THE PLACE TO GROW!","publisher":{"@id":"https:\/\/www.promfr.ch\/#organization"},"alternateName":"Wirtschaftsf\u00f6rderung Kanton Freiburg (WIF)","potentialAction":[{"@type":"SearchAction","target":{"@type":"EntryPoint","urlTemplate":"https:\/\/www.promfr.ch\/?s={search_term_string}"},"query-input":{"@type":"PropertyValueSpecification","valueRequired":true,"valueName":"search_term_string"}}],"inLanguage":"de"},{"@type":"Organization","@id":"https:\/\/www.promfr.ch\/#organization","name":"Promotion \u00e9conomique du canton de Fribourg (PromFR)","alternateName":"Wirtschaftsf\u00f6rderung Kanton Freiburg (WIF)","url":"https:\/\/www.promfr.ch\/","logo":{"@type":"ImageObject","inLanguage":"de","@id":"https:\/\/www.promfr.ch\/#\/schema\/logo\/image\/","url":"https:\/\/www.promfr.ch\/wp-content\/uploads\/2017\/07\/promotion-economique-fribourg-logo.png","contentUrl":"https:\/\/www.promfr.ch\/wp-content\/uploads\/2017\/07\/promotion-economique-fribourg-logo.png","width":515,"height":156,"caption":"Promotion \u00e9conomique du canton de Fribourg (PromFR)"},"image":{"@id":"https:\/\/www.promfr.ch\/#\/schema\/logo\/image\/"},"sameAs":["https:\/\/x.com\/promfr","https:\/\/www.linkedin.com\/company\/promfr","https:\/\/www.youtube.com\/user\/promfr"]},{"@type":"Person","@id":"https:\/\/www.promfr.ch\/#\/schema\/person\/f047043acc194ad83fe022d2589a73be","name":"Christoph Aebischer","image":{"@type":"ImageObject","inLanguage":"de","@id":"https:\/\/www.promfr.ch\/#\/schema\/person\/image\/","url":"https:\/\/secure.gravatar.com\/avatar\/8b4166163f8e0fcfc1c007b68b1b1ae94268859386b57ea5990cee54906dbd2f?s=96&d=mm&r=g","contentUrl":"https:\/\/secure.gravatar.com\/avatar\/8b4166163f8e0fcfc1c007b68b1b1ae94268859386b57ea5990cee54906dbd2f?s=96&d=mm&r=g","caption":"Christoph Aebischer"},"url":"https:\/\/www.promfr.ch\/de\/author\/c-aebischer\/"}]}},"_links":{"self":[{"href":"https:\/\/www.promfr.ch\/de\/wp-json\/wp\/v2\/posts\/15773","targetHints":{"allow":["GET"]}}],"collection":[{"href":"https:\/\/www.promfr.ch\/de\/wp-json\/wp\/v2\/posts"}],"about":[{"href":"https:\/\/www.promfr.ch\/de\/wp-json\/wp\/v2\/types\/post"}],"author":[{"embeddable":true,"href":"https:\/\/www.promfr.ch\/de\/wp-json\/wp\/v2\/users\/2"}],"replies":[{"embeddable":true,"href":"https:\/\/www.promfr.ch\/de\/wp-json\/wp\/v2\/comments?post=15773"}],"version-history":[{"count":1,"href":"https:\/\/www.promfr.ch\/de\/wp-json\/wp\/v2\/posts\/15773\/revisions"}],"predecessor-version":[{"id":15787,"href":"https:\/\/www.promfr.ch\/de\/wp-json\/wp\/v2\/posts\/15773\/revisions\/15787"}],"wp:featuredmedia":[{"embeddable":true,"href":"https:\/\/www.promfr.ch\/de\/wp-json\/wp\/v2\/media\/15764"}],"wp:attachment":[{"href":"https:\/\/www.promfr.ch\/de\/wp-json\/wp\/v2\/media?parent=15773"}],"wp:term":[{"taxonomy":"category","embeddable":true,"href":"https:\/\/www.promfr.ch\/de\/wp-json\/wp\/v2\/categories?post=15773"},{"taxonomy":"post_tag","embeddable":true,"href":"https:\/\/www.promfr.ch\/de\/wp-json\/wp\/v2\/tags?post=15773"}],"curies":[{"name":"wp","href":"https:\/\/api.w.org\/{rel}","templated":true}]}}