{"id":19025,"date":"2022-05-11T10:40:46","date_gmt":"2022-05-11T08:40:46","guid":{"rendered":"https:\/\/www.promfr.ch\/?p=19025"},"modified":"2022-05-11T12:16:14","modified_gmt":"2022-05-11T10:16:14","slug":"der-innovationspreis-des-kantons-freiburg-erhaelt-nachwuchs","status":"publish","type":"post","link":"https:\/\/www.promfr.ch\/de\/2022\/05\/11\/der-innovationspreis-des-kantons-freiburg-erhaelt-nachwuchs\/","title":{"rendered":"Der Innovationspreis des Kantons Freiburg erh\u00e4lt Nachwuchs"},"content":{"rendered":"<p><em>Heute geben der Kanton sowie die Freiburger Kantonalbank den Startschuss f\u00fcr die 16. Ausgabe des Innovationspreises. Die innovativsten Freiburger Unternehmen und Start-ups sind eingeladen, an die Startlinie des Wettbewerbs zu treten, der mit Geldpreisen in H\u00f6he von insgesamt 50\u2019000 Franken dotiert ist. Zus\u00e4tzlich zum Start-up-Preis (30\u2019000 Franken) und zum Unternehmenspreis (10\u2019000 Franken) wird dieses Jahr erstmals der mit 10\u2019000 Franken dotierte Nachhaltigkeitspreis verliehen. Die Kandidaturdossiers sind bis zum 30. Juni einzureichen.<\/em><\/p>\n<p>Staatsratspr\u00e4sident Olivier Curty hat heute den Innovationspreis 2022\/2023 des Kantons Freiburg lanciert. Der Startschuss erfolgte am Hauptsitz der Freiburger Kantonalbank, die diesen Wettbewerb seit 10 Jahren mitorganisiert und mitfinanziert. Daniel Wenger, Pr\u00e4sident der FKB-Generaldirektion: <em>\u00abMit unserem Engagement seit 2012 f\u00fcr den Innovationspreis des Kantons Freiburg unterst\u00fctzen wir die Innovationskultur in den Unternehmen unseres Kantons. Wir sehen dies als unsere Verantwortung und Verpflichtung, denn es ist die Innovation, die unsere Gesellschaft weiterbringt.\u00bb<\/em><\/p>\n<p>Bei der Lancierung war auch Ascenseurs Men\u00e9trey AG mit dabei, Gewinnerin des Unternehmenspreises 2020\/2021. Der Direktor des bald 100-j\u00e4hrigen Familienunternehmens aus Romont, Gil Men\u00e9trey, sagte, dass der Innovationspreis des Kantons Freiburg eine grosse Anerkennung f\u00fcr alle Mitarbeitenden sei. Gil Men\u00e9trey erg\u00e4nzte: <em>\u00abDieser Preis erf\u00fcllt uns mit Stolz und er motiviert uns, weiterzumachen, Neues zu entwickeln und noch mehr L\u00f6sungen zu suchen f\u00fcr die Zukunft.\u00bb<\/em><\/p>\n<h5><strong>Neuer Nachhaltigkeitspreis<\/strong><\/h5>\n<p>Der Innovationspreis 2022\/2023 kann mit mehreren Neuerungen aufwarten. Die gr\u00f6sste \u00c4nderung: die bisherige \u00abAuszeichnung Nachhaltige Wirtschaft\u00bb wird zu einem wahrhaften Nachhaltigkeitspreis entwickelt, der neu mit 10\u2019000 Franken dotiert ist (bisher 6\u2019000 Franken) und damit dem Unternehmenspreis gleichgestellt wird. Jurypr\u00e4sident Olivier Curty: <em>\u00abDer Staatsrat ist \u00fcberzeugt, dass wer auch immer seine Verantwortung gegenw\u00e4rtigen und zuk\u00fcnftigen Generationen wahrnehmen will, den drei Dimensionen der nachhaltigen Entwicklung \u2013 wirtschaftliche Effizienz, soziale Gerechtigkeit und \u00f6kologische Verantwortung \u2013 gleichermassen und ausgewogen Aufmerksamkeit schenken muss.\u00bb<\/em><\/p>\n<h5><strong>Jetzt teilnehmen unter www.innovation-fribourg.ch<\/strong><\/h5>\n<p>Alle Unternehmen, die im Kanton Freiburg ans\u00e4ssig sind, k\u00f6nnen am Innovationspreis teilnehmen. Es wird unterschieden zwischen der Kategorie \u201eUnternehmen\u201c (Gr\u00fcndung vor 2017) und \u201eStart-up\u201c (ab 2017). Der Unternehmenspreis ist mit 10\u02bc000 Franken und der Start-up-Preis mit 30\u02bc000 Franken dotiert. Die Kandidaturdossiers k\u00f6nnen bis zum 30. Juni online unter <a href=\"http:\/\/www.innovation-fribourg.ch\">www.innovation-fribourg.ch<\/a> eingereicht werden.<\/p>\n<p>Die 13-k\u00f6pfige Jury mit Vertretern aus Wirtschaft und Hochschulen wird unter dem Vorsitz von Staatsratspr\u00e4sident Olivier Curty die eingereichten Dossiers nach folgenden vier Kriterien beurteilen:<\/p>\n<ul>\n<li>Technologischer Innovationsgrad;<\/li>\n<li>Innovationsgrad in Bezug auf den Markt;<\/li>\n<li>Verkaufspotenzial;<\/li>\n<li>Nachhaltigkeit.<\/li>\n<\/ul>\n<h5><strong>Innovationspreis des Kantons Freiburg<\/strong><\/h5>\n<p>Der Innovationspreis des Kantons Freiburg wird seit 1991 verliehen. Er richtet sich an Freiburger Unternehmen und findet im Zweijahresrhythmus statt. Organisiert wird der Innovationspreis des Kantons Freiburg durch die Wirtschaftsf\u00f6rderung Kanton Freiburg (WIF) und die Freiburger Kantonalbank (FKB). Die wichtigsten kantonalen Medien \u2013 Freiburger Nachrichten, La Libert\u00e9, La Gruy\u00e8re, La T\u00e9l\u00e9, Radio Freiburg und Frapp \u2013 sind Partner des Freiburger Innovationspreises.<\/p>\n<p>Der Innovationspreis 2022\/2023 des Kantons Freiburg wird am 9. November im Forum Freiburg verliehen.<\/p>\n<p>Alle Informationen unter <a href=\"http:\/\/www.innovation-fribourg.ch\">www.innovation-fribourg.ch<\/a><\/p>\n","protected":false},"excerpt":{"rendered":"<p>Heute geben der Kanton sowie die Freiburger Kantonalbank den Startschuss f\u00fcr die 16. Ausgabe des Innovationspreises. Die innovativsten Freiburger Unternehmen und Start-ups sind eingeladen, an die Startlinie des Wettbewerbs zu treten, der mit Geldpreisen in H\u00f6he von insgesamt 50\u2019000 Franken dotiert ist. Zus\u00e4tzlich zum Start-up-Preis&#8230;<\/p>\n","protected":false},"author":4,"featured_media":19024,"comment_status":"closed","ping_status":"open","sticky":false,"template":"","format":"standard","meta":{"footnotes":""},"categories":[83],"tags":[],"class_list":["post-19025","post","type-post","status-publish","format-standard","has-post-thumbnail","hentry","category-news-de"],"yoast_head":"<!-- This site is optimized with the Yoast SEO plugin v26.9 - https:\/\/yoast.com\/product\/yoast-seo-wordpress\/ -->\n<title>Der Innovationspreis des Kantons Freiburg erh\u00e4lt Nachwuchs - Wirtschaftsf\u00f6rderung WIF<\/title>\n<meta name=\"robots\" content=\"index, follow, max-snippet:-1, max-image-preview:large, max-video-preview:-1\" \/>\n<link rel=\"canonical\" href=\"https:\/\/www.promfr.ch\/de\/2022\/05\/11\/der-innovationspreis-des-kantons-freiburg-erhaelt-nachwuchs\/\" \/>\n<meta property=\"og:locale\" content=\"de_DE\" \/>\n<meta property=\"og:type\" content=\"article\" \/>\n<meta property=\"og:title\" content=\"Der Innovationspreis des Kantons Freiburg erh\u00e4lt Nachwuchs - Wirtschaftsf\u00f6rderung WIF\" \/>\n<meta property=\"og:description\" content=\"Heute geben der Kanton sowie die Freiburger Kantonalbank den Startschuss f\u00fcr die 16. Ausgabe des Innovationspreises. Die innovativsten Freiburger Unternehmen und Start-ups sind eingeladen, an die Startlinie des Wettbewerbs zu treten, der mit Geldpreisen in H\u00f6he von insgesamt 50\u2019000 Franken dotiert ist. Zus\u00e4tzlich zum Start-up-Preis...\" \/>\n<meta property=\"og:url\" content=\"https:\/\/www.promfr.ch\/de\/2022\/05\/11\/der-innovationspreis-des-kantons-freiburg-erhaelt-nachwuchs\/\" \/>\n<meta property=\"og:site_name\" content=\"Wirtschaftsf\u00f6rderung WIF\" \/>\n<meta property=\"article:published_time\" content=\"2022-05-11T08:40:46+00:00\" \/>\n<meta property=\"article:modified_time\" content=\"2022-05-11T10:16:14+00:00\" \/>\n<meta property=\"og:image\" content=\"https:\/\/www.promfr.ch\/wp-content\/uploads\/2022\/05\/logoshome2022.jpg\" \/>\n\t<meta property=\"og:image:width\" content=\"1920\" \/>\n\t<meta property=\"og:image:height\" content=\"1080\" \/>\n\t<meta property=\"og:image:type\" content=\"image\/jpeg\" \/>\n<meta name=\"author\" content=\"Dave\" \/>\n<meta name=\"twitter:card\" content=\"summary_large_image\" \/>\n<meta name=\"twitter:creator\" content=\"@promfr\" \/>\n<meta name=\"twitter:site\" content=\"@promfr\" \/>\n<script type=\"application\/ld+json\" class=\"yoast-schema-graph\">{\"@context\":\"https:\/\/schema.org\",\"@graph\":[{\"@type\":\"Article\",\"@id\":\"https:\/\/www.promfr.ch\/de\/2022\/05\/11\/der-innovationspreis-des-kantons-freiburg-erhaelt-nachwuchs\/#article\",\"isPartOf\":{\"@id\":\"https:\/\/www.promfr.ch\/de\/2022\/05\/11\/der-innovationspreis-des-kantons-freiburg-erhaelt-nachwuchs\/\"},\"author\":{\"name\":\"Dave\",\"@id\":\"https:\/\/www.promfr.ch\/#\/schema\/person\/20196b7d3ae14a53f7e4c1cac3bd8f49\"},\"headline\":\"Der Innovationspreis des Kantons Freiburg erh\u00e4lt Nachwuchs\",\"datePublished\":\"2022-05-11T08:40:46+00:00\",\"dateModified\":\"2022-05-11T10:16:14+00:00\",\"mainEntityOfPage\":{\"@id\":\"https:\/\/www.promfr.ch\/de\/2022\/05\/11\/der-innovationspreis-des-kantons-freiburg-erhaelt-nachwuchs\/\"},\"wordCount\":477,\"publisher\":{\"@id\":\"https:\/\/www.promfr.ch\/#organization\"},\"image\":{\"@id\":\"https:\/\/www.promfr.ch\/de\/2022\/05\/11\/der-innovationspreis-des-kantons-freiburg-erhaelt-nachwuchs\/#primaryimage\"},\"thumbnailUrl\":\"https:\/\/www.promfr.ch\/wp-content\/uploads\/2022\/05\/logoshome2022.jpg\",\"articleSection\":[\"News\"],\"inLanguage\":\"de\"},{\"@type\":\"WebPage\",\"@id\":\"https:\/\/www.promfr.ch\/de\/2022\/05\/11\/der-innovationspreis-des-kantons-freiburg-erhaelt-nachwuchs\/\",\"url\":\"https:\/\/www.promfr.ch\/de\/2022\/05\/11\/der-innovationspreis-des-kantons-freiburg-erhaelt-nachwuchs\/\",\"name\":\"Der Innovationspreis des Kantons Freiburg erh\u00e4lt Nachwuchs - Wirtschaftsf\u00f6rderung WIF\",\"isPartOf\":{\"@id\":\"https:\/\/www.promfr.ch\/#website\"},\"primaryImageOfPage\":{\"@id\":\"https:\/\/www.promfr.ch\/de\/2022\/05\/11\/der-innovationspreis-des-kantons-freiburg-erhaelt-nachwuchs\/#primaryimage\"},\"image\":{\"@id\":\"https:\/\/www.promfr.ch\/de\/2022\/05\/11\/der-innovationspreis-des-kantons-freiburg-erhaelt-nachwuchs\/#primaryimage\"},\"thumbnailUrl\":\"https:\/\/www.promfr.ch\/wp-content\/uploads\/2022\/05\/logoshome2022.jpg\",\"datePublished\":\"2022-05-11T08:40:46+00:00\",\"dateModified\":\"2022-05-11T10:16:14+00:00\",\"breadcrumb\":{\"@id\":\"https:\/\/www.promfr.ch\/de\/2022\/05\/11\/der-innovationspreis-des-kantons-freiburg-erhaelt-nachwuchs\/#breadcrumb\"},\"inLanguage\":\"de\",\"potentialAction\":[{\"@type\":\"ReadAction\",\"target\":[\"https:\/\/www.promfr.ch\/de\/2022\/05\/11\/der-innovationspreis-des-kantons-freiburg-erhaelt-nachwuchs\/\"]}]},{\"@type\":\"ImageObject\",\"inLanguage\":\"de\",\"@id\":\"https:\/\/www.promfr.ch\/de\/2022\/05\/11\/der-innovationspreis-des-kantons-freiburg-erhaelt-nachwuchs\/#primaryimage\",\"url\":\"https:\/\/www.promfr.ch\/wp-content\/uploads\/2022\/05\/logoshome2022.jpg\",\"contentUrl\":\"https:\/\/www.promfr.ch\/wp-content\/uploads\/2022\/05\/logoshome2022.jpg\",\"width\":1920,\"height\":1080},{\"@type\":\"BreadcrumbList\",\"@id\":\"https:\/\/www.promfr.ch\/de\/2022\/05\/11\/der-innovationspreis-des-kantons-freiburg-erhaelt-nachwuchs\/#breadcrumb\",\"itemListElement\":[{\"@type\":\"ListItem\",\"position\":1,\"name\":\"Accueil\",\"item\":\"https:\/\/www.promfr.ch\/de\/\"},{\"@type\":\"ListItem\",\"position\":2,\"name\":\"Der Innovationspreis des Kantons Freiburg erh\u00e4lt Nachwuchs\"}]},{\"@type\":\"WebSite\",\"@id\":\"https:\/\/www.promfr.ch\/#website\",\"url\":\"https:\/\/www.promfr.ch\/\",\"name\":\"Promotion \u00e9conomique du canton de Fribourg (PromFR)\",\"description\":\"FRIBOURG, THE PLACE TO GROW!\",\"publisher\":{\"@id\":\"https:\/\/www.promfr.ch\/#organization\"},\"alternateName\":\"Wirtschaftsf\u00f6rderung Kanton Freiburg (WIF)\",\"potentialAction\":[{\"@type\":\"SearchAction\",\"target\":{\"@type\":\"EntryPoint\",\"urlTemplate\":\"https:\/\/www.promfr.ch\/?s={search_term_string}\"},\"query-input\":{\"@type\":\"PropertyValueSpecification\",\"valueRequired\":true,\"valueName\":\"search_term_string\"}}],\"inLanguage\":\"de\"},{\"@type\":\"Organization\",\"@id\":\"https:\/\/www.promfr.ch\/#organization\",\"name\":\"Promotion \u00e9conomique du canton de Fribourg (PromFR)\",\"alternateName\":\"Wirtschaftsf\u00f6rderung Kanton Freiburg (WIF)\",\"url\":\"https:\/\/www.promfr.ch\/\",\"logo\":{\"@type\":\"ImageObject\",\"inLanguage\":\"de\",\"@id\":\"https:\/\/www.promfr.ch\/#\/schema\/logo\/image\/\",\"url\":\"https:\/\/www.promfr.ch\/wp-content\/uploads\/2017\/07\/promotion-economique-fribourg-logo.png\",\"contentUrl\":\"https:\/\/www.promfr.ch\/wp-content\/uploads\/2017\/07\/promotion-economique-fribourg-logo.png\",\"width\":515,\"height\":156,\"caption\":\"Promotion \u00e9conomique du canton de Fribourg (PromFR)\"},\"image\":{\"@id\":\"https:\/\/www.promfr.ch\/#\/schema\/logo\/image\/\"},\"sameAs\":[\"https:\/\/x.com\/promfr\",\"https:\/\/www.linkedin.com\/company\/promfr\",\"https:\/\/www.youtube.com\/user\/promfr\"]},{\"@type\":\"Person\",\"@id\":\"https:\/\/www.promfr.ch\/#\/schema\/person\/20196b7d3ae14a53f7e4c1cac3bd8f49\",\"name\":\"Dave\",\"image\":{\"@type\":\"ImageObject\",\"inLanguage\":\"de\",\"@id\":\"https:\/\/www.promfr.ch\/#\/schema\/person\/image\/\",\"url\":\"https:\/\/secure.gravatar.com\/avatar\/63e512e28eb91f63bb4b378d9f62712c22f94e3fa3e516201b3043e13d02fe48?s=96&d=mm&r=g\",\"contentUrl\":\"https:\/\/secure.gravatar.com\/avatar\/63e512e28eb91f63bb4b378d9f62712c22f94e3fa3e516201b3043e13d02fe48?s=96&d=mm&r=g\",\"caption\":\"Dave\"},\"url\":\"https:\/\/www.promfr.ch\/de\/author\/davide\/\"}]}<\/script>\n<!-- \/ Yoast SEO plugin. -->","yoast_head_json":{"title":"Der Innovationspreis des Kantons Freiburg erh\u00e4lt Nachwuchs - Wirtschaftsf\u00f6rderung WIF","robots":{"index":"index","follow":"follow","max-snippet":"max-snippet:-1","max-image-preview":"max-image-preview:large","max-video-preview":"max-video-preview:-1"},"canonical":"https:\/\/www.promfr.ch\/de\/2022\/05\/11\/der-innovationspreis-des-kantons-freiburg-erhaelt-nachwuchs\/","og_locale":"de_DE","og_type":"article","og_title":"Der Innovationspreis des Kantons Freiburg erh\u00e4lt Nachwuchs - Wirtschaftsf\u00f6rderung WIF","og_description":"Heute geben der Kanton sowie die Freiburger Kantonalbank den Startschuss f\u00fcr die 16. Ausgabe des Innovationspreises. Die innovativsten Freiburger Unternehmen und Start-ups sind eingeladen, an die Startlinie des Wettbewerbs zu treten, der mit Geldpreisen in H\u00f6he von insgesamt 50\u2019000 Franken dotiert ist. Zus\u00e4tzlich zum Start-up-Preis...","og_url":"https:\/\/www.promfr.ch\/de\/2022\/05\/11\/der-innovationspreis-des-kantons-freiburg-erhaelt-nachwuchs\/","og_site_name":"Wirtschaftsf\u00f6rderung WIF","article_published_time":"2022-05-11T08:40:46+00:00","article_modified_time":"2022-05-11T10:16:14+00:00","og_image":[{"width":1920,"height":1080,"url":"https:\/\/www.promfr.ch\/wp-content\/uploads\/2022\/05\/logoshome2022.jpg","type":"image\/jpeg"}],"author":"Dave","twitter_card":"summary_large_image","twitter_creator":"@promfr","twitter_site":"@promfr","schema":{"@context":"https:\/\/schema.org","@graph":[{"@type":"Article","@id":"https:\/\/www.promfr.ch\/de\/2022\/05\/11\/der-innovationspreis-des-kantons-freiburg-erhaelt-nachwuchs\/#article","isPartOf":{"@id":"https:\/\/www.promfr.ch\/de\/2022\/05\/11\/der-innovationspreis-des-kantons-freiburg-erhaelt-nachwuchs\/"},"author":{"name":"Dave","@id":"https:\/\/www.promfr.ch\/#\/schema\/person\/20196b7d3ae14a53f7e4c1cac3bd8f49"},"headline":"Der Innovationspreis des Kantons Freiburg erh\u00e4lt Nachwuchs","datePublished":"2022-05-11T08:40:46+00:00","dateModified":"2022-05-11T10:16:14+00:00","mainEntityOfPage":{"@id":"https:\/\/www.promfr.ch\/de\/2022\/05\/11\/der-innovationspreis-des-kantons-freiburg-erhaelt-nachwuchs\/"},"wordCount":477,"publisher":{"@id":"https:\/\/www.promfr.ch\/#organization"},"image":{"@id":"https:\/\/www.promfr.ch\/de\/2022\/05\/11\/der-innovationspreis-des-kantons-freiburg-erhaelt-nachwuchs\/#primaryimage"},"thumbnailUrl":"https:\/\/www.promfr.ch\/wp-content\/uploads\/2022\/05\/logoshome2022.jpg","articleSection":["News"],"inLanguage":"de"},{"@type":"WebPage","@id":"https:\/\/www.promfr.ch\/de\/2022\/05\/11\/der-innovationspreis-des-kantons-freiburg-erhaelt-nachwuchs\/","url":"https:\/\/www.promfr.ch\/de\/2022\/05\/11\/der-innovationspreis-des-kantons-freiburg-erhaelt-nachwuchs\/","name":"Der Innovationspreis des Kantons Freiburg erh\u00e4lt Nachwuchs - Wirtschaftsf\u00f6rderung WIF","isPartOf":{"@id":"https:\/\/www.promfr.ch\/#website"},"primaryImageOfPage":{"@id":"https:\/\/www.promfr.ch\/de\/2022\/05\/11\/der-innovationspreis-des-kantons-freiburg-erhaelt-nachwuchs\/#primaryimage"},"image":{"@id":"https:\/\/www.promfr.ch\/de\/2022\/05\/11\/der-innovationspreis-des-kantons-freiburg-erhaelt-nachwuchs\/#primaryimage"},"thumbnailUrl":"https:\/\/www.promfr.ch\/wp-content\/uploads\/2022\/05\/logoshome2022.jpg","datePublished":"2022-05-11T08:40:46+00:00","dateModified":"2022-05-11T10:16:14+00:00","breadcrumb":{"@id":"https:\/\/www.promfr.ch\/de\/2022\/05\/11\/der-innovationspreis-des-kantons-freiburg-erhaelt-nachwuchs\/#breadcrumb"},"inLanguage":"de","potentialAction":[{"@type":"ReadAction","target":["https:\/\/www.promfr.ch\/de\/2022\/05\/11\/der-innovationspreis-des-kantons-freiburg-erhaelt-nachwuchs\/"]}]},{"@type":"ImageObject","inLanguage":"de","@id":"https:\/\/www.promfr.ch\/de\/2022\/05\/11\/der-innovationspreis-des-kantons-freiburg-erhaelt-nachwuchs\/#primaryimage","url":"https:\/\/www.promfr.ch\/wp-content\/uploads\/2022\/05\/logoshome2022.jpg","contentUrl":"https:\/\/www.promfr.ch\/wp-content\/uploads\/2022\/05\/logoshome2022.jpg","width":1920,"height":1080},{"@type":"BreadcrumbList","@id":"https:\/\/www.promfr.ch\/de\/2022\/05\/11\/der-innovationspreis-des-kantons-freiburg-erhaelt-nachwuchs\/#breadcrumb","itemListElement":[{"@type":"ListItem","position":1,"name":"Accueil","item":"https:\/\/www.promfr.ch\/de\/"},{"@type":"ListItem","position":2,"name":"Der Innovationspreis des Kantons Freiburg erh\u00e4lt Nachwuchs"}]},{"@type":"WebSite","@id":"https:\/\/www.promfr.ch\/#website","url":"https:\/\/www.promfr.ch\/","name":"Promotion \u00e9conomique du canton de Fribourg (PromFR)","description":"FRIBOURG, THE PLACE TO GROW!","publisher":{"@id":"https:\/\/www.promfr.ch\/#organization"},"alternateName":"Wirtschaftsf\u00f6rderung Kanton Freiburg (WIF)","potentialAction":[{"@type":"SearchAction","target":{"@type":"EntryPoint","urlTemplate":"https:\/\/www.promfr.ch\/?s={search_term_string}"},"query-input":{"@type":"PropertyValueSpecification","valueRequired":true,"valueName":"search_term_string"}}],"inLanguage":"de"},{"@type":"Organization","@id":"https:\/\/www.promfr.ch\/#organization","name":"Promotion \u00e9conomique du canton de Fribourg (PromFR)","alternateName":"Wirtschaftsf\u00f6rderung Kanton Freiburg (WIF)","url":"https:\/\/www.promfr.ch\/","logo":{"@type":"ImageObject","inLanguage":"de","@id":"https:\/\/www.promfr.ch\/#\/schema\/logo\/image\/","url":"https:\/\/www.promfr.ch\/wp-content\/uploads\/2017\/07\/promotion-economique-fribourg-logo.png","contentUrl":"https:\/\/www.promfr.ch\/wp-content\/uploads\/2017\/07\/promotion-economique-fribourg-logo.png","width":515,"height":156,"caption":"Promotion \u00e9conomique du canton de Fribourg (PromFR)"},"image":{"@id":"https:\/\/www.promfr.ch\/#\/schema\/logo\/image\/"},"sameAs":["https:\/\/x.com\/promfr","https:\/\/www.linkedin.com\/company\/promfr","https:\/\/www.youtube.com\/user\/promfr"]},{"@type":"Person","@id":"https:\/\/www.promfr.ch\/#\/schema\/person\/20196b7d3ae14a53f7e4c1cac3bd8f49","name":"Dave","image":{"@type":"ImageObject","inLanguage":"de","@id":"https:\/\/www.promfr.ch\/#\/schema\/person\/image\/","url":"https:\/\/secure.gravatar.com\/avatar\/63e512e28eb91f63bb4b378d9f62712c22f94e3fa3e516201b3043e13d02fe48?s=96&d=mm&r=g","contentUrl":"https:\/\/secure.gravatar.com\/avatar\/63e512e28eb91f63bb4b378d9f62712c22f94e3fa3e516201b3043e13d02fe48?s=96&d=mm&r=g","caption":"Dave"},"url":"https:\/\/www.promfr.ch\/de\/author\/davide\/"}]}},"_links":{"self":[{"href":"https:\/\/www.promfr.ch\/de\/wp-json\/wp\/v2\/posts\/19025","targetHints":{"allow":["GET"]}}],"collection":[{"href":"https:\/\/www.promfr.ch\/de\/wp-json\/wp\/v2\/posts"}],"about":[{"href":"https:\/\/www.promfr.ch\/de\/wp-json\/wp\/v2\/types\/post"}],"author":[{"embeddable":true,"href":"https:\/\/www.promfr.ch\/de\/wp-json\/wp\/v2\/users\/4"}],"replies":[{"embeddable":true,"href":"https:\/\/www.promfr.ch\/de\/wp-json\/wp\/v2\/comments?post=19025"}],"version-history":[{"count":3,"href":"https:\/\/www.promfr.ch\/de\/wp-json\/wp\/v2\/posts\/19025\/revisions"}],"predecessor-version":[{"id":19043,"href":"https:\/\/www.promfr.ch\/de\/wp-json\/wp\/v2\/posts\/19025\/revisions\/19043"}],"wp:featuredmedia":[{"embeddable":true,"href":"https:\/\/www.promfr.ch\/de\/wp-json\/wp\/v2\/media\/19024"}],"wp:attachment":[{"href":"https:\/\/www.promfr.ch\/de\/wp-json\/wp\/v2\/media?parent=19025"}],"wp:term":[{"taxonomy":"category","embeddable":true,"href":"https:\/\/www.promfr.ch\/de\/wp-json\/wp\/v2\/categories?post=19025"},{"taxonomy":"post_tag","embeddable":true,"href":"https:\/\/www.promfr.ch\/de\/wp-json\/wp\/v2\/tags?post=19025"}],"curies":[{"name":"wp","href":"https:\/\/api.w.org\/{rel}","templated":true}]}}