{"id":19329,"date":"2022-09-01T13:00:12","date_gmt":"2022-09-01T11:00:12","guid":{"rendered":"https:\/\/www.promfr.ch\/?p=19329"},"modified":"2022-09-05T08:50:35","modified_gmt":"2022-09-05T06:50:35","slug":"auswirkungen-und-potenzial-der-digitalisierung-im-fokus-des-fribourg-network-freiburg-2022","status":"publish","type":"post","link":"https:\/\/www.promfr.ch\/de\/2022\/09\/01\/auswirkungen-und-potenzial-der-digitalisierung-im-fokus-des-fribourg-network-freiburg-2022\/","title":{"rendered":"AUSWIRKUNGEN UND POTENZIAL DER DIGITALISIERUNG IM FOKUS DES FRIBOURG NETWORK FREIBURG 2022"},"content":{"rendered":"<p><strong>Kurs auf die digitale Transformation der Freiburger Wirtschaft! Der neue Schwerpunkt der Wirtschaftsf\u00f6rderungsstrategie, Industrie 4.0, ist f\u00fcr viele Unternehmen im Kanton Freiburg l\u00e4ngst kein blosses Konzept mehr, sondern konkrete Realit\u00e4t. Die Ausgabe 2022 von<\/strong><strong> Fribourg Network Freiburg, dem offiziellen Magazin der Freiburger Wirtschaftsf\u00f6rderung, zeigt anhand von praktischen und innovativen Beispielen die bereits sp\u00fcrbaren Auswirkungen und das noch enorme Potenzial dieser vierten industriellen Revolution auf. Zeitgleich mit einer neuen Website wurde die Zeitschrift bei einer Veranstaltung im Technologiepark Le Vivier in Villaz-St-Pierre vorgestellt.<\/strong><\/p>\n<p>Gelegentlich von der breiten \u00d6ffentlichkeit missverstandener Begriff, zeichnet sich die Industrie 4.0 durch die Digitalisierung der Prozesse, des Handels und der Produkte aus und stellt mit Spitzentechnologien wie dem Internet der Dinge, der k\u00fcnstlichen Intelligenz, Big Data oder auch dem 3D-Druck die Arbeitsweise von Unternehmen auf den Kopf. So entstehen intelligente Fabriken, die eine kontinuierliche und sofortige Kommunikation zwischen den verschiedenen Apparaten und Arbeitspl\u00e4tzen der Produktionskette erm\u00f6glichen.<\/p>\n<p>\u00abDie Aush\u00e4ngeschilder aus den unterschiedlichsten Bereichen der Freiburger Industrie wie Luftfahrt, Metallbau oder Bauchemie leben bereits im Zeitalter des digitalen Wandels. Dabei nutzen sie unter anderem hauseigene L\u00f6sungen von lokalen Unternehmen, die f\u00fchrend sind im Bereich Internet der Dinge oder in der Halbleiterindustrie\u00bb, erkl\u00e4rt Olivier Curty, Volkswirtschafts- und Berufsbildungsdirektor des Kantons Freiburg, erfreut.<\/p>\n<p>Aufgrund ihres bereichs\u00fcbergreifenden und multisektoralen Charakters ist die Industrie 4.0 im \u00dcbrigen bei weitem nicht auf Aktivit\u00e4ten des sekund\u00e4ren Sektors beschr\u00e4nkt. Jerry Krattiger, Direktor der Wirtschaftsf\u00f6rderung Kanton Freiburg (WIF), pr\u00e4zisiert: \u00abNeben den Dienstleistungsberufen, die eine unverzichtbare technologische Unterst\u00fctzung f\u00fcr die laufenden Ver\u00e4nderungen darstellen, bietet die Industrie 4.0 auch gute Entwicklungs- und Innovationsm\u00f6glichkeiten in den verschiedenen Bereichen der Biowirtschaft. Diese beiden f\u00fcr den Kanton Freiburg strategisch wichtigen Zweige erg\u00e4nzen sich und werten sich gegenseitig auf.\u00bb<\/p>\n<p><strong>LAUNCH-EVENT <\/strong><\/p>\n<p>Die Ausgabe 2022 von Fribourg Network Freiburg wurde am Donnerstag, 1. September 2022, anl\u00e4sslich eines von der WIF organisierten Podiumsgespr\u00e4chs im Technologiepark Le Vivier in Villaz-St-Pierre vorgestellt. Vertreter des Unternehmens Asyril, des Instituts iPrint und des Ingenieurb\u00fcros Sdataway teilten ihre Erfahrungen und erl\u00e4uterten die Herausforderungen des derzeitigen digitalen Wandels im Beisein von Adrienne Corboud Fumagalli, Pr\u00e4sidentin der Eidgen\u00f6ssischen Kommunikationskommission (ComCom), unabh\u00e4ngige Verwaltungsr\u00e4tin verschiedener Unternehmen und Beraterin im Bereich der Informationstechnologien.<\/p>\n<p>Die vollst\u00e4ndige Diskussion kann unter folgendem Link abgerufen werden:<\/p>\n<p style=\"text-align: center;\"><iframe loading=\"lazy\"  id=\"_ytid_52427\"  width=\"1060\" height=\"596\"  data-origwidth=\"1060\" data-origheight=\"596\" src=\"https:\/\/www.youtube.com\/embed\/zAlNuILl7Qo?enablejsapi=1&autoplay=0&cc_load_policy=0&cc_lang_pref=&iv_load_policy=1&loop=0&rel=1&fs=1&playsinline=0&autohide=2&theme=dark&color=red&controls=1&disablekb=0&\" class=\"__youtube_prefs__  no-lazyload\" title=\"YouTube player\"  allow=\"fullscreen; accelerometer; autoplay; clipboard-write; encrypted-media; gyroscope; picture-in-picture; web-share\" referrerpolicy=\"strict-origin-when-cross-origin\" allowfullscreen data-no-lazy=\"1\" data-skipgform_ajax_framebjll=\"\"><\/iframe><\/p>\n<p><strong>EINE NEUE WEBSITE, UM DEN START DES MAGAZINS ZU BEGLEITEN<\/strong><\/p>\n<p>Fribourg Network Freiburg (FNF) ist das offizielle Magazin der Wirtschaftsf\u00f6rderung Kanton Freiburg (WIF). Seit 2001 informiert das Magazin \u00fcber die Aktivit\u00e4ten von Unternehmen, Bildungseinrichtungen (Universit\u00e4t und Fachhochschulen), Technologie- und Innovationsstandorten sowie Instituten und Kompetenzzentren der Region Freiburg. Dabei liegt der Schwerpunkt auf lokal relevanten Themen wie Biowirtschaft, Industrie 4.0 und Technologietransfer.<\/p>\n<p>Die digitale Version des FNF wird auf Deutsch, Franz\u00f6sisch und Englisch angeboten und st\u00fctzt sich auf eine brandneue Website, deren Struktur und Design neu gestaltet wurden, um eine fl\u00fcssigere, und allgemein benutzerfreundlichere Navigation zu erm\u00f6glichen. Im Laufe des Jahres w\u00e4chst die Seite <a href=\"http:\/\/www.fribourgnetwork.ch\"><strong>www.fribourgnetwork.ch<\/strong><\/a> stetig mit neuen Artikeln und Multimedia-Inhalten.<\/p>\n<p>Die gedruckte Ausgabe des Jahresmagazins ist nur auf Englisch erh\u00e4ltlich und erscheint in einer Auflage von 2000 Exemplaren f\u00fcr die Distribution in internationalen Wirtschaftskreisen. Neben den Schweizer Botschaften und Konsulaten wird das Magazin an die gr\u00f6ssten Treuhandgesellschaften und Wirtschaftsorganisationen in Europa, Amerika und Asien verteilt.<\/p>\n<p><strong>\u00a0<\/strong><\/p>\n<p>&nbsp;<\/p>\n","protected":false},"excerpt":{"rendered":"<p>Kurs auf die digitale Transformation der Freiburger Wirtschaft! Der neue Schwerpunkt der Wirtschaftsf\u00f6rderungsstrategie, Industrie 4.0, ist f\u00fcr viele Unternehmen im Kanton Freiburg l\u00e4ngst kein blosses Konzept mehr, sondern konkrete Realit\u00e4t. Die Ausgabe 2022 von Fribourg Network Freiburg, dem offiziellen Magazin der Freiburger Wirtschaftsf\u00f6rderung, zeigt anhand&#8230;<\/p>\n","protected":false},"author":4,"featured_media":19327,"comment_status":"closed","ping_status":"open","sticky":false,"template":"","format":"standard","meta":{"footnotes":""},"categories":[83],"tags":[],"class_list":["post-19329","post","type-post","status-publish","format-standard","has-post-thumbnail","hentry","category-news-de"],"yoast_head":"<!-- This site is optimized with the Yoast SEO plugin v26.9 - https:\/\/yoast.com\/product\/yoast-seo-wordpress\/ -->\n<title>AUSWIRKUNGEN UND POTENZIAL DER DIGITALISIERUNG IM FOKUS DES FRIBOURG NETWORK FREIBURG 2022 - Wirtschaftsf\u00f6rderung WIF<\/title>\n<meta name=\"robots\" content=\"index, follow, max-snippet:-1, max-image-preview:large, max-video-preview:-1\" \/>\n<link rel=\"canonical\" href=\"https:\/\/www.promfr.ch\/de\/2022\/09\/01\/auswirkungen-und-potenzial-der-digitalisierung-im-fokus-des-fribourg-network-freiburg-2022\/\" \/>\n<meta property=\"og:locale\" content=\"de_DE\" \/>\n<meta property=\"og:type\" content=\"article\" \/>\n<meta property=\"og:title\" content=\"AUSWIRKUNGEN UND POTENZIAL DER DIGITALISIERUNG IM FOKUS DES FRIBOURG NETWORK FREIBURG 2022 - Wirtschaftsf\u00f6rderung WIF\" \/>\n<meta property=\"og:description\" content=\"Kurs auf die digitale Transformation der Freiburger Wirtschaft! Der neue Schwerpunkt der Wirtschaftsf\u00f6rderungsstrategie, Industrie 4.0, ist f\u00fcr viele Unternehmen im Kanton Freiburg l\u00e4ngst kein blosses Konzept mehr, sondern konkrete Realit\u00e4t. Die Ausgabe 2022 von Fribourg Network Freiburg, dem offiziellen Magazin der Freiburger Wirtschaftsf\u00f6rderung, zeigt anhand...\" \/>\n<meta property=\"og:url\" content=\"https:\/\/www.promfr.ch\/de\/2022\/09\/01\/auswirkungen-und-potenzial-der-digitalisierung-im-fokus-des-fribourg-network-freiburg-2022\/\" \/>\n<meta property=\"og:site_name\" content=\"Wirtschaftsf\u00f6rderung WIF\" \/>\n<meta property=\"article:published_time\" content=\"2022-09-01T11:00:12+00:00\" \/>\n<meta property=\"article:modified_time\" content=\"2022-09-05T06:50:35+00:00\" \/>\n<meta property=\"og:image\" content=\"https:\/\/www.promfr.ch\/wp-content\/uploads\/2022\/09\/fnfnews.jpg\" \/>\n\t<meta property=\"og:image:width\" content=\"1280\" \/>\n\t<meta property=\"og:image:height\" content=\"720\" \/>\n\t<meta property=\"og:image:type\" content=\"image\/jpeg\" \/>\n<meta name=\"author\" content=\"Dave\" \/>\n<meta name=\"twitter:card\" content=\"summary_large_image\" \/>\n<meta name=\"twitter:creator\" content=\"@promfr\" \/>\n<meta name=\"twitter:site\" content=\"@promfr\" \/>\n<script type=\"application\/ld+json\" class=\"yoast-schema-graph\">{\"@context\":\"https:\/\/schema.org\",\"@graph\":[{\"@type\":\"Article\",\"@id\":\"https:\/\/www.promfr.ch\/de\/2022\/09\/01\/auswirkungen-und-potenzial-der-digitalisierung-im-fokus-des-fribourg-network-freiburg-2022\/#article\",\"isPartOf\":{\"@id\":\"https:\/\/www.promfr.ch\/de\/2022\/09\/01\/auswirkungen-und-potenzial-der-digitalisierung-im-fokus-des-fribourg-network-freiburg-2022\/\"},\"author\":{\"name\":\"Dave\",\"@id\":\"https:\/\/www.promfr.ch\/#\/schema\/person\/20196b7d3ae14a53f7e4c1cac3bd8f49\"},\"headline\":\"AUSWIRKUNGEN UND POTENZIAL DER DIGITALISIERUNG IM FOKUS DES FRIBOURG NETWORK FREIBURG 2022\",\"datePublished\":\"2022-09-01T11:00:12+00:00\",\"dateModified\":\"2022-09-05T06:50:35+00:00\",\"mainEntityOfPage\":{\"@id\":\"https:\/\/www.promfr.ch\/de\/2022\/09\/01\/auswirkungen-und-potenzial-der-digitalisierung-im-fokus-des-fribourg-network-freiburg-2022\/\"},\"wordCount\":569,\"publisher\":{\"@id\":\"https:\/\/www.promfr.ch\/#organization\"},\"image\":{\"@id\":\"https:\/\/www.promfr.ch\/de\/2022\/09\/01\/auswirkungen-und-potenzial-der-digitalisierung-im-fokus-des-fribourg-network-freiburg-2022\/#primaryimage\"},\"thumbnailUrl\":\"https:\/\/www.promfr.ch\/wp-content\/uploads\/2022\/09\/fnfnews.jpg\",\"articleSection\":[\"News\"],\"inLanguage\":\"de\"},{\"@type\":\"WebPage\",\"@id\":\"https:\/\/www.promfr.ch\/de\/2022\/09\/01\/auswirkungen-und-potenzial-der-digitalisierung-im-fokus-des-fribourg-network-freiburg-2022\/\",\"url\":\"https:\/\/www.promfr.ch\/de\/2022\/09\/01\/auswirkungen-und-potenzial-der-digitalisierung-im-fokus-des-fribourg-network-freiburg-2022\/\",\"name\":\"AUSWIRKUNGEN UND POTENZIAL DER DIGITALISIERUNG IM FOKUS DES FRIBOURG NETWORK FREIBURG 2022 - Wirtschaftsf\u00f6rderung WIF\",\"isPartOf\":{\"@id\":\"https:\/\/www.promfr.ch\/#website\"},\"primaryImageOfPage\":{\"@id\":\"https:\/\/www.promfr.ch\/de\/2022\/09\/01\/auswirkungen-und-potenzial-der-digitalisierung-im-fokus-des-fribourg-network-freiburg-2022\/#primaryimage\"},\"image\":{\"@id\":\"https:\/\/www.promfr.ch\/de\/2022\/09\/01\/auswirkungen-und-potenzial-der-digitalisierung-im-fokus-des-fribourg-network-freiburg-2022\/#primaryimage\"},\"thumbnailUrl\":\"https:\/\/www.promfr.ch\/wp-content\/uploads\/2022\/09\/fnfnews.jpg\",\"datePublished\":\"2022-09-01T11:00:12+00:00\",\"dateModified\":\"2022-09-05T06:50:35+00:00\",\"breadcrumb\":{\"@id\":\"https:\/\/www.promfr.ch\/de\/2022\/09\/01\/auswirkungen-und-potenzial-der-digitalisierung-im-fokus-des-fribourg-network-freiburg-2022\/#breadcrumb\"},\"inLanguage\":\"de\",\"potentialAction\":[{\"@type\":\"ReadAction\",\"target\":[\"https:\/\/www.promfr.ch\/de\/2022\/09\/01\/auswirkungen-und-potenzial-der-digitalisierung-im-fokus-des-fribourg-network-freiburg-2022\/\"]}]},{\"@type\":\"ImageObject\",\"inLanguage\":\"de\",\"@id\":\"https:\/\/www.promfr.ch\/de\/2022\/09\/01\/auswirkungen-und-potenzial-der-digitalisierung-im-fokus-des-fribourg-network-freiburg-2022\/#primaryimage\",\"url\":\"https:\/\/www.promfr.ch\/wp-content\/uploads\/2022\/09\/fnfnews.jpg\",\"contentUrl\":\"https:\/\/www.promfr.ch\/wp-content\/uploads\/2022\/09\/fnfnews.jpg\",\"width\":1280,\"height\":720},{\"@type\":\"BreadcrumbList\",\"@id\":\"https:\/\/www.promfr.ch\/de\/2022\/09\/01\/auswirkungen-und-potenzial-der-digitalisierung-im-fokus-des-fribourg-network-freiburg-2022\/#breadcrumb\",\"itemListElement\":[{\"@type\":\"ListItem\",\"position\":1,\"name\":\"Accueil\",\"item\":\"https:\/\/www.promfr.ch\/de\/\"},{\"@type\":\"ListItem\",\"position\":2,\"name\":\"AUSWIRKUNGEN UND POTENZIAL DER DIGITALISIERUNG IM FOKUS DES FRIBOURG NETWORK FREIBURG 2022\"}]},{\"@type\":\"WebSite\",\"@id\":\"https:\/\/www.promfr.ch\/#website\",\"url\":\"https:\/\/www.promfr.ch\/\",\"name\":\"Promotion \u00e9conomique du canton de Fribourg (PromFR)\",\"description\":\"FRIBOURG, THE PLACE TO GROW!\",\"publisher\":{\"@id\":\"https:\/\/www.promfr.ch\/#organization\"},\"alternateName\":\"Wirtschaftsf\u00f6rderung Kanton Freiburg (WIF)\",\"potentialAction\":[{\"@type\":\"SearchAction\",\"target\":{\"@type\":\"EntryPoint\",\"urlTemplate\":\"https:\/\/www.promfr.ch\/?s={search_term_string}\"},\"query-input\":{\"@type\":\"PropertyValueSpecification\",\"valueRequired\":true,\"valueName\":\"search_term_string\"}}],\"inLanguage\":\"de\"},{\"@type\":\"Organization\",\"@id\":\"https:\/\/www.promfr.ch\/#organization\",\"name\":\"Promotion \u00e9conomique du canton de Fribourg (PromFR)\",\"alternateName\":\"Wirtschaftsf\u00f6rderung Kanton Freiburg (WIF)\",\"url\":\"https:\/\/www.promfr.ch\/\",\"logo\":{\"@type\":\"ImageObject\",\"inLanguage\":\"de\",\"@id\":\"https:\/\/www.promfr.ch\/#\/schema\/logo\/image\/\",\"url\":\"https:\/\/www.promfr.ch\/wp-content\/uploads\/2017\/07\/promotion-economique-fribourg-logo.png\",\"contentUrl\":\"https:\/\/www.promfr.ch\/wp-content\/uploads\/2017\/07\/promotion-economique-fribourg-logo.png\",\"width\":515,\"height\":156,\"caption\":\"Promotion \u00e9conomique du canton de Fribourg (PromFR)\"},\"image\":{\"@id\":\"https:\/\/www.promfr.ch\/#\/schema\/logo\/image\/\"},\"sameAs\":[\"https:\/\/x.com\/promfr\",\"https:\/\/www.linkedin.com\/company\/promfr\",\"https:\/\/www.youtube.com\/user\/promfr\"]},{\"@type\":\"Person\",\"@id\":\"https:\/\/www.promfr.ch\/#\/schema\/person\/20196b7d3ae14a53f7e4c1cac3bd8f49\",\"name\":\"Dave\",\"image\":{\"@type\":\"ImageObject\",\"inLanguage\":\"de\",\"@id\":\"https:\/\/www.promfr.ch\/#\/schema\/person\/image\/\",\"url\":\"https:\/\/secure.gravatar.com\/avatar\/63e512e28eb91f63bb4b378d9f62712c22f94e3fa3e516201b3043e13d02fe48?s=96&d=mm&r=g\",\"contentUrl\":\"https:\/\/secure.gravatar.com\/avatar\/63e512e28eb91f63bb4b378d9f62712c22f94e3fa3e516201b3043e13d02fe48?s=96&d=mm&r=g\",\"caption\":\"Dave\"},\"url\":\"https:\/\/www.promfr.ch\/de\/author\/davide\/\"}]}<\/script>\n<!-- \/ Yoast SEO plugin. -->","yoast_head_json":{"title":"AUSWIRKUNGEN UND POTENZIAL DER DIGITALISIERUNG IM FOKUS DES FRIBOURG NETWORK FREIBURG 2022 - Wirtschaftsf\u00f6rderung WIF","robots":{"index":"index","follow":"follow","max-snippet":"max-snippet:-1","max-image-preview":"max-image-preview:large","max-video-preview":"max-video-preview:-1"},"canonical":"https:\/\/www.promfr.ch\/de\/2022\/09\/01\/auswirkungen-und-potenzial-der-digitalisierung-im-fokus-des-fribourg-network-freiburg-2022\/","og_locale":"de_DE","og_type":"article","og_title":"AUSWIRKUNGEN UND POTENZIAL DER DIGITALISIERUNG IM FOKUS DES FRIBOURG NETWORK FREIBURG 2022 - Wirtschaftsf\u00f6rderung WIF","og_description":"Kurs auf die digitale Transformation der Freiburger Wirtschaft! Der neue Schwerpunkt der Wirtschaftsf\u00f6rderungsstrategie, Industrie 4.0, ist f\u00fcr viele Unternehmen im Kanton Freiburg l\u00e4ngst kein blosses Konzept mehr, sondern konkrete Realit\u00e4t. Die Ausgabe 2022 von Fribourg Network Freiburg, dem offiziellen Magazin der Freiburger Wirtschaftsf\u00f6rderung, zeigt anhand...","og_url":"https:\/\/www.promfr.ch\/de\/2022\/09\/01\/auswirkungen-und-potenzial-der-digitalisierung-im-fokus-des-fribourg-network-freiburg-2022\/","og_site_name":"Wirtschaftsf\u00f6rderung WIF","article_published_time":"2022-09-01T11:00:12+00:00","article_modified_time":"2022-09-05T06:50:35+00:00","og_image":[{"width":1280,"height":720,"url":"https:\/\/www.promfr.ch\/wp-content\/uploads\/2022\/09\/fnfnews.jpg","type":"image\/jpeg"}],"author":"Dave","twitter_card":"summary_large_image","twitter_creator":"@promfr","twitter_site":"@promfr","schema":{"@context":"https:\/\/schema.org","@graph":[{"@type":"Article","@id":"https:\/\/www.promfr.ch\/de\/2022\/09\/01\/auswirkungen-und-potenzial-der-digitalisierung-im-fokus-des-fribourg-network-freiburg-2022\/#article","isPartOf":{"@id":"https:\/\/www.promfr.ch\/de\/2022\/09\/01\/auswirkungen-und-potenzial-der-digitalisierung-im-fokus-des-fribourg-network-freiburg-2022\/"},"author":{"name":"Dave","@id":"https:\/\/www.promfr.ch\/#\/schema\/person\/20196b7d3ae14a53f7e4c1cac3bd8f49"},"headline":"AUSWIRKUNGEN UND POTENZIAL DER DIGITALISIERUNG IM FOKUS DES FRIBOURG NETWORK FREIBURG 2022","datePublished":"2022-09-01T11:00:12+00:00","dateModified":"2022-09-05T06:50:35+00:00","mainEntityOfPage":{"@id":"https:\/\/www.promfr.ch\/de\/2022\/09\/01\/auswirkungen-und-potenzial-der-digitalisierung-im-fokus-des-fribourg-network-freiburg-2022\/"},"wordCount":569,"publisher":{"@id":"https:\/\/www.promfr.ch\/#organization"},"image":{"@id":"https:\/\/www.promfr.ch\/de\/2022\/09\/01\/auswirkungen-und-potenzial-der-digitalisierung-im-fokus-des-fribourg-network-freiburg-2022\/#primaryimage"},"thumbnailUrl":"https:\/\/www.promfr.ch\/wp-content\/uploads\/2022\/09\/fnfnews.jpg","articleSection":["News"],"inLanguage":"de"},{"@type":"WebPage","@id":"https:\/\/www.promfr.ch\/de\/2022\/09\/01\/auswirkungen-und-potenzial-der-digitalisierung-im-fokus-des-fribourg-network-freiburg-2022\/","url":"https:\/\/www.promfr.ch\/de\/2022\/09\/01\/auswirkungen-und-potenzial-der-digitalisierung-im-fokus-des-fribourg-network-freiburg-2022\/","name":"AUSWIRKUNGEN UND POTENZIAL DER DIGITALISIERUNG IM FOKUS DES FRIBOURG NETWORK FREIBURG 2022 - Wirtschaftsf\u00f6rderung WIF","isPartOf":{"@id":"https:\/\/www.promfr.ch\/#website"},"primaryImageOfPage":{"@id":"https:\/\/www.promfr.ch\/de\/2022\/09\/01\/auswirkungen-und-potenzial-der-digitalisierung-im-fokus-des-fribourg-network-freiburg-2022\/#primaryimage"},"image":{"@id":"https:\/\/www.promfr.ch\/de\/2022\/09\/01\/auswirkungen-und-potenzial-der-digitalisierung-im-fokus-des-fribourg-network-freiburg-2022\/#primaryimage"},"thumbnailUrl":"https:\/\/www.promfr.ch\/wp-content\/uploads\/2022\/09\/fnfnews.jpg","datePublished":"2022-09-01T11:00:12+00:00","dateModified":"2022-09-05T06:50:35+00:00","breadcrumb":{"@id":"https:\/\/www.promfr.ch\/de\/2022\/09\/01\/auswirkungen-und-potenzial-der-digitalisierung-im-fokus-des-fribourg-network-freiburg-2022\/#breadcrumb"},"inLanguage":"de","potentialAction":[{"@type":"ReadAction","target":["https:\/\/www.promfr.ch\/de\/2022\/09\/01\/auswirkungen-und-potenzial-der-digitalisierung-im-fokus-des-fribourg-network-freiburg-2022\/"]}]},{"@type":"ImageObject","inLanguage":"de","@id":"https:\/\/www.promfr.ch\/de\/2022\/09\/01\/auswirkungen-und-potenzial-der-digitalisierung-im-fokus-des-fribourg-network-freiburg-2022\/#primaryimage","url":"https:\/\/www.promfr.ch\/wp-content\/uploads\/2022\/09\/fnfnews.jpg","contentUrl":"https:\/\/www.promfr.ch\/wp-content\/uploads\/2022\/09\/fnfnews.jpg","width":1280,"height":720},{"@type":"BreadcrumbList","@id":"https:\/\/www.promfr.ch\/de\/2022\/09\/01\/auswirkungen-und-potenzial-der-digitalisierung-im-fokus-des-fribourg-network-freiburg-2022\/#breadcrumb","itemListElement":[{"@type":"ListItem","position":1,"name":"Accueil","item":"https:\/\/www.promfr.ch\/de\/"},{"@type":"ListItem","position":2,"name":"AUSWIRKUNGEN UND POTENZIAL DER DIGITALISIERUNG IM FOKUS DES FRIBOURG NETWORK FREIBURG 2022"}]},{"@type":"WebSite","@id":"https:\/\/www.promfr.ch\/#website","url":"https:\/\/www.promfr.ch\/","name":"Promotion \u00e9conomique du canton de Fribourg (PromFR)","description":"FRIBOURG, THE PLACE TO GROW!","publisher":{"@id":"https:\/\/www.promfr.ch\/#organization"},"alternateName":"Wirtschaftsf\u00f6rderung Kanton Freiburg (WIF)","potentialAction":[{"@type":"SearchAction","target":{"@type":"EntryPoint","urlTemplate":"https:\/\/www.promfr.ch\/?s={search_term_string}"},"query-input":{"@type":"PropertyValueSpecification","valueRequired":true,"valueName":"search_term_string"}}],"inLanguage":"de"},{"@type":"Organization","@id":"https:\/\/www.promfr.ch\/#organization","name":"Promotion \u00e9conomique du canton de Fribourg (PromFR)","alternateName":"Wirtschaftsf\u00f6rderung Kanton Freiburg (WIF)","url":"https:\/\/www.promfr.ch\/","logo":{"@type":"ImageObject","inLanguage":"de","@id":"https:\/\/www.promfr.ch\/#\/schema\/logo\/image\/","url":"https:\/\/www.promfr.ch\/wp-content\/uploads\/2017\/07\/promotion-economique-fribourg-logo.png","contentUrl":"https:\/\/www.promfr.ch\/wp-content\/uploads\/2017\/07\/promotion-economique-fribourg-logo.png","width":515,"height":156,"caption":"Promotion \u00e9conomique du canton de Fribourg (PromFR)"},"image":{"@id":"https:\/\/www.promfr.ch\/#\/schema\/logo\/image\/"},"sameAs":["https:\/\/x.com\/promfr","https:\/\/www.linkedin.com\/company\/promfr","https:\/\/www.youtube.com\/user\/promfr"]},{"@type":"Person","@id":"https:\/\/www.promfr.ch\/#\/schema\/person\/20196b7d3ae14a53f7e4c1cac3bd8f49","name":"Dave","image":{"@type":"ImageObject","inLanguage":"de","@id":"https:\/\/www.promfr.ch\/#\/schema\/person\/image\/","url":"https:\/\/secure.gravatar.com\/avatar\/63e512e28eb91f63bb4b378d9f62712c22f94e3fa3e516201b3043e13d02fe48?s=96&d=mm&r=g","contentUrl":"https:\/\/secure.gravatar.com\/avatar\/63e512e28eb91f63bb4b378d9f62712c22f94e3fa3e516201b3043e13d02fe48?s=96&d=mm&r=g","caption":"Dave"},"url":"https:\/\/www.promfr.ch\/de\/author\/davide\/"}]}},"_links":{"self":[{"href":"https:\/\/www.promfr.ch\/de\/wp-json\/wp\/v2\/posts\/19329","targetHints":{"allow":["GET"]}}],"collection":[{"href":"https:\/\/www.promfr.ch\/de\/wp-json\/wp\/v2\/posts"}],"about":[{"href":"https:\/\/www.promfr.ch\/de\/wp-json\/wp\/v2\/types\/post"}],"author":[{"embeddable":true,"href":"https:\/\/www.promfr.ch\/de\/wp-json\/wp\/v2\/users\/4"}],"replies":[{"embeddable":true,"href":"https:\/\/www.promfr.ch\/de\/wp-json\/wp\/v2\/comments?post=19329"}],"version-history":[{"count":2,"href":"https:\/\/www.promfr.ch\/de\/wp-json\/wp\/v2\/posts\/19329\/revisions"}],"predecessor-version":[{"id":19334,"href":"https:\/\/www.promfr.ch\/de\/wp-json\/wp\/v2\/posts\/19329\/revisions\/19334"}],"wp:featuredmedia":[{"embeddable":true,"href":"https:\/\/www.promfr.ch\/de\/wp-json\/wp\/v2\/media\/19327"}],"wp:attachment":[{"href":"https:\/\/www.promfr.ch\/de\/wp-json\/wp\/v2\/media?parent=19329"}],"wp:term":[{"taxonomy":"category","embeddable":true,"href":"https:\/\/www.promfr.ch\/de\/wp-json\/wp\/v2\/categories?post=19329"},{"taxonomy":"post_tag","embeddable":true,"href":"https:\/\/www.promfr.ch\/de\/wp-json\/wp\/v2\/tags?post=19329"}],"curies":[{"name":"wp","href":"https:\/\/api.w.org\/{rel}","templated":true}]}}