{"id":20259,"date":"2023-09-06T13:02:22","date_gmt":"2023-09-06T11:02:22","guid":{"rendered":"https:\/\/www.promfr.ch\/?p=20259"},"modified":"2023-12-18T08:38:47","modified_gmt":"2023-12-18T07:38:47","slug":"fribourg-network-freiburg-2023-ganz-im-zeichen-des-bausektors-und-der-energieeffizienz","status":"publish","type":"post","link":"https:\/\/www.promfr.ch\/de\/2023\/09\/06\/fribourg-network-freiburg-2023-ganz-im-zeichen-des-bausektors-und-der-energieeffizienz\/","title":{"rendered":"Fribourg Network Freiburg 2023 ganz im Zeichen des Bausektors und der Energieeffizienz"},"content":{"rendered":"<p><strong>Der Bausektor ist einer der Pfeiler der Freiburger Wirtschaft. Er kann auf ein \u00e4usserst dichtes Netz von Grossunternehmen, herausragenden KMU sowie Kompetenzzentren und spezialisierten Instituten zur\u00fcckgreifen. Die Ausgabe 2023 von Fribourg Network Freiburg, dem offiziellen Magazin der Wirtschaftsf\u00f6rderung Kanton Freiburg, befasst sich mit diesem lokalen Schmelztiegel, der g\u00fcnstige Rahmenbedingungen f\u00fcr die Entwicklung einer Vielzahl innovativer und wirkungsvoller Initiativen schafft. Die neue Ausgabe der Zeitschrift wurde im aufstrebenden Innovationsquartier bluefactory im Zentrum von Freiburg pr\u00e4sentiert.<\/strong><\/p>\n<p>Die Freiburger Baubranche ist Teil der Biowirtschaft, einem der beiden Schwerpunkte der Wirtschaftsstrategie des Kantons. Sie erweist sich als sehr robust und ist auf die kommenden grossen Umw\u00e4lzungen vorbereitet, die durch die Herausforderungen im Zusammenhang mit dem Klimawandel, der Verknappung der Ressourcen und dem digitalen Fortschritt verursacht werden.<\/p>\n<p>\u00abSei es in den Bereichen Holz- oder Metallbau, Beton, Kunststoff, Bauingenieurwesen oder Energieeffizienz: Die Freiburger Unternehmen geniessen dank ihres Know-hows im ganzen Land und dar\u00fcber hinaus einen ausgezeichneten Ruf\u00bb, freut sich Olivier Curty, Volkswirtschafts- und Berufsbildungsdirektor des Kantons Freiburg.<\/p>\n<p>Die Akteurinnen und Akteure der Branche werden im Rahmen ihrer Projekte und Aktivit\u00e4ten insbesondere vom Building Innovation Cluster, das eine wichtige Rolle f\u00fcr die Dynamisierung der Branche spielt, und vom Smart Living Lab unterst\u00fctzt, dem f\u00fchrenden Kompetenzzentrum, das sich mit der Zukunft der gebauten Umwelt befasst. Jerry Krattiger, Direktor der Wirtschaftsf\u00f6rderung Kanton Freiburg (WIF): \u00abDas Umfeld ist der Entwicklung von Partnerschaften und innovativen Projekten f\u00f6rderlich. Die Rahmenbedingungen sind hervorragend, die Kompetenzen und der Wille vorhanden\u2026 wir m\u00fcssen sie nur nutzen, um unsere Zukunft zu bauen!\u00bb<\/p>\n<p><strong>PR\u00c4SENTATION DES MAGAZINS<\/strong><\/p>\n<p>Die Ausgabe 2023 von Fribourg Network Freiburg wurde anl\u00e4sslich eines Podiumsgespr\u00e4chs vorgestellt, das am Mittwoch, den 6. Mittwoch 2023 von der WIF im Innovationsquartier bluefactory organisiert wurde. In Anwesenheit von Jacques Boschung, Pr\u00e4sident der Bluefactory Fribourg-Freiburg SA, und Remo Daguati, Pr\u00e4sident der Schweizerischen Vereinigung f\u00fcr Standortmanagement (SVSM), tauschten sich Vertreter des Forschungs- und Entwicklungszentrums Smart Living Lab, der Unternehmen JPF Holding SA, Lutz Architectes sowie die Gr\u00fcnderin von Mobbot \u00fcber ihre Erfahrungen aus und diskutierten \u00fcber Trends, Innovationsm\u00f6glichkeiten und Herausforderungen im Bausektor.<\/p>\n<p>Die gesamte Podiumsdiskussion finden Sie hier:<\/p>\n<p style=\"text-align: center;\"><iframe loading=\"lazy\"  id=\"_ytid_60472\"  width=\"1060\" height=\"596\"  data-origwidth=\"1060\" data-origheight=\"596\" src=\"https:\/\/www.youtube.com\/embed\/vadGFTnXaCw?enablejsapi=1&autoplay=0&cc_load_policy=0&cc_lang_pref=&iv_load_policy=1&loop=0&rel=1&fs=1&playsinline=0&autohide=2&theme=dark&color=red&controls=1&disablekb=0&\" class=\"__youtube_prefs__  no-lazyload\" title=\"YouTube player\"  allow=\"fullscreen; accelerometer; autoplay; clipboard-write; encrypted-media; gyroscope; picture-in-picture; web-share\" referrerpolicy=\"strict-origin-when-cross-origin\" allowfullscreen data-no-lazy=\"1\" data-skipgform_ajax_framebjll=\"\"><\/iframe><\/p>\n<p>&nbsp;<\/p>\n<p><strong>EIN GEDRUCKTES MAGAZIN UND EINE WEBSITE <\/strong><\/p>\n<p>Fribourg Network Freiburg (FNF) ist das offizielle Magazin der Wirtschaftsf\u00f6rderung Kanton Freiburg. Es wird seit 2001 ver\u00f6ffentlicht und liefert Informationen \u00fcber die Aktivit\u00e4ten von Unternehmen, Bildungseinrichtungen (Universit\u00e4t und Fachhochschulen), Technologie- und Innovationsstandorten sowie Instituten und Kompetenzzentren auf Freiburger Boden. Es befasst sich mit thematischen Schwerpunkten wie Biowirtschaft, Industrie 4.0 oder Technologietransfer.<\/p>\n<p>Die digitale Version des FNF wird in Deutsch, Franz\u00f6sisch und Englisch angeboten und verf\u00fcgt \u00fcber eine Website, deren Aufbau und Design eine fl\u00fcssige, angenehme und funktionelle Navigation erlauben. <a href=\"http:\/\/www.fribourgnetwork.ch\"><strong>www.fribourgnetwork.ch<\/strong><\/a> wird das ganze Jahr \u00fcber mit neuen redaktionellen und multimedialen Inhalten erg\u00e4nzt.<\/p>\n<p>In der gedruckten Version, die nur in Englisch erh\u00e4ltlich ist, wird die j\u00e4hrlich erscheinende Zeitschrift in einer Auflage von 2000 Exemplaren gedruckt und an internationale Wirtschaftskreise, die Schweizer Botschaften und Konsulate im Ausland sowie an die wichtigsten Wirtschaftstreuh\u00e4nder und -agenturen in Europa, Amerika und Asien verteilt.<\/p>\n<p>Die Ausgabe 2023 von Fribourg Network Freiburg ist ab dem 6. September 2023 erh\u00e4ltlich.<\/p>\n","protected":false},"excerpt":{"rendered":"<p>Der Bausektor ist einer der Pfeiler der Freiburger Wirtschaft. Er kann auf ein \u00e4usserst dichtes Netz von Grossunternehmen, herausragenden KMU sowie Kompetenzzentren und spezialisierten Instituten zur\u00fcckgreifen. Die Ausgabe 2023 von Fribourg Network Freiburg, dem offiziellen Magazin der Wirtschaftsf\u00f6rderung Kanton Freiburg, befasst sich mit diesem lokalen&#8230;<\/p>\n","protected":false},"author":4,"featured_media":20260,"comment_status":"closed","ping_status":"open","sticky":false,"template":"","format":"standard","meta":{"footnotes":""},"categories":[83],"tags":[],"class_list":["post-20259","post","type-post","status-publish","format-standard","has-post-thumbnail","hentry","category-news-de"],"yoast_head":"<!-- This site is optimized with the Yoast SEO plugin v26.9 - https:\/\/yoast.com\/product\/yoast-seo-wordpress\/ -->\n<title>Fribourg Network Freiburg 2023 ganz im Zeichen des Bausektors und der Energieeffizienz - Wirtschaftsf\u00f6rderung WIF<\/title>\n<meta name=\"robots\" content=\"index, follow, max-snippet:-1, max-image-preview:large, max-video-preview:-1\" \/>\n<link rel=\"canonical\" href=\"https:\/\/www.promfr.ch\/de\/2023\/09\/06\/fribourg-network-freiburg-2023-ganz-im-zeichen-des-bausektors-und-der-energieeffizienz\/\" \/>\n<meta property=\"og:locale\" content=\"de_DE\" \/>\n<meta property=\"og:type\" content=\"article\" \/>\n<meta property=\"og:title\" content=\"Fribourg Network Freiburg 2023 ganz im Zeichen des Bausektors und der Energieeffizienz - Wirtschaftsf\u00f6rderung WIF\" \/>\n<meta property=\"og:description\" content=\"Der Bausektor ist einer der Pfeiler der Freiburger Wirtschaft. Er kann auf ein \u00e4usserst dichtes Netz von Grossunternehmen, herausragenden KMU sowie Kompetenzzentren und spezialisierten Instituten zur\u00fcckgreifen. Die Ausgabe 2023 von Fribourg Network Freiburg, dem offiziellen Magazin der Wirtschaftsf\u00f6rderung Kanton Freiburg, befasst sich mit diesem lokalen...\" \/>\n<meta property=\"og:url\" content=\"https:\/\/www.promfr.ch\/de\/2023\/09\/06\/fribourg-network-freiburg-2023-ganz-im-zeichen-des-bausektors-und-der-energieeffizienz\/\" \/>\n<meta property=\"og:site_name\" content=\"Wirtschaftsf\u00f6rderung WIF\" \/>\n<meta property=\"article:published_time\" content=\"2023-09-06T11:02:22+00:00\" \/>\n<meta property=\"article:modified_time\" content=\"2023-12-18T07:38:47+00:00\" \/>\n<meta property=\"og:image\" content=\"https:\/\/www.promfr.ch\/wp-content\/uploads\/2023\/09\/fnf23-mailchimp-banner-DEU.jpg\" \/>\n\t<meta property=\"og:image:width\" content=\"1000\" \/>\n\t<meta property=\"og:image:height\" content=\"500\" \/>\n\t<meta property=\"og:image:type\" content=\"image\/jpeg\" \/>\n<meta name=\"author\" content=\"Dave\" \/>\n<meta name=\"twitter:card\" content=\"summary_large_image\" \/>\n<meta name=\"twitter:creator\" content=\"@promfr\" \/>\n<meta name=\"twitter:site\" content=\"@promfr\" \/>\n<script type=\"application\/ld+json\" class=\"yoast-schema-graph\">{\"@context\":\"https:\/\/schema.org\",\"@graph\":[{\"@type\":\"Article\",\"@id\":\"https:\/\/www.promfr.ch\/de\/2023\/09\/06\/fribourg-network-freiburg-2023-ganz-im-zeichen-des-bausektors-und-der-energieeffizienz\/#article\",\"isPartOf\":{\"@id\":\"https:\/\/www.promfr.ch\/de\/2023\/09\/06\/fribourg-network-freiburg-2023-ganz-im-zeichen-des-bausektors-und-der-energieeffizienz\/\"},\"author\":{\"name\":\"Dave\",\"@id\":\"https:\/\/www.promfr.ch\/#\/schema\/person\/20196b7d3ae14a53f7e4c1cac3bd8f49\"},\"headline\":\"Fribourg Network Freiburg 2023 ganz im Zeichen des Bausektors und der Energieeffizienz\",\"datePublished\":\"2023-09-06T11:02:22+00:00\",\"dateModified\":\"2023-12-18T07:38:47+00:00\",\"mainEntityOfPage\":{\"@id\":\"https:\/\/www.promfr.ch\/de\/2023\/09\/06\/fribourg-network-freiburg-2023-ganz-im-zeichen-des-bausektors-und-der-energieeffizienz\/\"},\"wordCount\":542,\"publisher\":{\"@id\":\"https:\/\/www.promfr.ch\/#organization\"},\"image\":{\"@id\":\"https:\/\/www.promfr.ch\/de\/2023\/09\/06\/fribourg-network-freiburg-2023-ganz-im-zeichen-des-bausektors-und-der-energieeffizienz\/#primaryimage\"},\"thumbnailUrl\":\"https:\/\/www.promfr.ch\/wp-content\/uploads\/2023\/09\/fnf23-mailchimp-banner-DEU.jpg\",\"articleSection\":[\"News\"],\"inLanguage\":\"de\"},{\"@type\":\"WebPage\",\"@id\":\"https:\/\/www.promfr.ch\/de\/2023\/09\/06\/fribourg-network-freiburg-2023-ganz-im-zeichen-des-bausektors-und-der-energieeffizienz\/\",\"url\":\"https:\/\/www.promfr.ch\/de\/2023\/09\/06\/fribourg-network-freiburg-2023-ganz-im-zeichen-des-bausektors-und-der-energieeffizienz\/\",\"name\":\"Fribourg Network Freiburg 2023 ganz im Zeichen des Bausektors und der Energieeffizienz - Wirtschaftsf\u00f6rderung WIF\",\"isPartOf\":{\"@id\":\"https:\/\/www.promfr.ch\/#website\"},\"primaryImageOfPage\":{\"@id\":\"https:\/\/www.promfr.ch\/de\/2023\/09\/06\/fribourg-network-freiburg-2023-ganz-im-zeichen-des-bausektors-und-der-energieeffizienz\/#primaryimage\"},\"image\":{\"@id\":\"https:\/\/www.promfr.ch\/de\/2023\/09\/06\/fribourg-network-freiburg-2023-ganz-im-zeichen-des-bausektors-und-der-energieeffizienz\/#primaryimage\"},\"thumbnailUrl\":\"https:\/\/www.promfr.ch\/wp-content\/uploads\/2023\/09\/fnf23-mailchimp-banner-DEU.jpg\",\"datePublished\":\"2023-09-06T11:02:22+00:00\",\"dateModified\":\"2023-12-18T07:38:47+00:00\",\"breadcrumb\":{\"@id\":\"https:\/\/www.promfr.ch\/de\/2023\/09\/06\/fribourg-network-freiburg-2023-ganz-im-zeichen-des-bausektors-und-der-energieeffizienz\/#breadcrumb\"},\"inLanguage\":\"de\",\"potentialAction\":[{\"@type\":\"ReadAction\",\"target\":[\"https:\/\/www.promfr.ch\/de\/2023\/09\/06\/fribourg-network-freiburg-2023-ganz-im-zeichen-des-bausektors-und-der-energieeffizienz\/\"]}]},{\"@type\":\"ImageObject\",\"inLanguage\":\"de\",\"@id\":\"https:\/\/www.promfr.ch\/de\/2023\/09\/06\/fribourg-network-freiburg-2023-ganz-im-zeichen-des-bausektors-und-der-energieeffizienz\/#primaryimage\",\"url\":\"https:\/\/www.promfr.ch\/wp-content\/uploads\/2023\/09\/fnf23-mailchimp-banner-DEU.jpg\",\"contentUrl\":\"https:\/\/www.promfr.ch\/wp-content\/uploads\/2023\/09\/fnf23-mailchimp-banner-DEU.jpg\",\"width\":1000,\"height\":500},{\"@type\":\"BreadcrumbList\",\"@id\":\"https:\/\/www.promfr.ch\/de\/2023\/09\/06\/fribourg-network-freiburg-2023-ganz-im-zeichen-des-bausektors-und-der-energieeffizienz\/#breadcrumb\",\"itemListElement\":[{\"@type\":\"ListItem\",\"position\":1,\"name\":\"Accueil\",\"item\":\"https:\/\/www.promfr.ch\/de\/\"},{\"@type\":\"ListItem\",\"position\":2,\"name\":\"Fribourg Network Freiburg 2023 ganz im Zeichen des Bausektors und der Energieeffizienz\"}]},{\"@type\":\"WebSite\",\"@id\":\"https:\/\/www.promfr.ch\/#website\",\"url\":\"https:\/\/www.promfr.ch\/\",\"name\":\"Promotion \u00e9conomique du canton de Fribourg (PromFR)\",\"description\":\"FRIBOURG, THE PLACE TO GROW!\",\"publisher\":{\"@id\":\"https:\/\/www.promfr.ch\/#organization\"},\"alternateName\":\"Wirtschaftsf\u00f6rderung Kanton Freiburg (WIF)\",\"potentialAction\":[{\"@type\":\"SearchAction\",\"target\":{\"@type\":\"EntryPoint\",\"urlTemplate\":\"https:\/\/www.promfr.ch\/?s={search_term_string}\"},\"query-input\":{\"@type\":\"PropertyValueSpecification\",\"valueRequired\":true,\"valueName\":\"search_term_string\"}}],\"inLanguage\":\"de\"},{\"@type\":\"Organization\",\"@id\":\"https:\/\/www.promfr.ch\/#organization\",\"name\":\"Promotion \u00e9conomique du canton de Fribourg (PromFR)\",\"alternateName\":\"Wirtschaftsf\u00f6rderung Kanton Freiburg (WIF)\",\"url\":\"https:\/\/www.promfr.ch\/\",\"logo\":{\"@type\":\"ImageObject\",\"inLanguage\":\"de\",\"@id\":\"https:\/\/www.promfr.ch\/#\/schema\/logo\/image\/\",\"url\":\"https:\/\/www.promfr.ch\/wp-content\/uploads\/2017\/07\/promotion-economique-fribourg-logo.png\",\"contentUrl\":\"https:\/\/www.promfr.ch\/wp-content\/uploads\/2017\/07\/promotion-economique-fribourg-logo.png\",\"width\":515,\"height\":156,\"caption\":\"Promotion \u00e9conomique du canton de Fribourg (PromFR)\"},\"image\":{\"@id\":\"https:\/\/www.promfr.ch\/#\/schema\/logo\/image\/\"},\"sameAs\":[\"https:\/\/x.com\/promfr\",\"https:\/\/www.linkedin.com\/company\/promfr\",\"https:\/\/www.youtube.com\/user\/promfr\"]},{\"@type\":\"Person\",\"@id\":\"https:\/\/www.promfr.ch\/#\/schema\/person\/20196b7d3ae14a53f7e4c1cac3bd8f49\",\"name\":\"Dave\",\"image\":{\"@type\":\"ImageObject\",\"inLanguage\":\"de\",\"@id\":\"https:\/\/www.promfr.ch\/#\/schema\/person\/image\/\",\"url\":\"https:\/\/secure.gravatar.com\/avatar\/63e512e28eb91f63bb4b378d9f62712c22f94e3fa3e516201b3043e13d02fe48?s=96&d=mm&r=g\",\"contentUrl\":\"https:\/\/secure.gravatar.com\/avatar\/63e512e28eb91f63bb4b378d9f62712c22f94e3fa3e516201b3043e13d02fe48?s=96&d=mm&r=g\",\"caption\":\"Dave\"},\"url\":\"https:\/\/www.promfr.ch\/de\/author\/davide\/\"}]}<\/script>\n<!-- \/ Yoast SEO plugin. -->","yoast_head_json":{"title":"Fribourg Network Freiburg 2023 ganz im Zeichen des Bausektors und der Energieeffizienz - Wirtschaftsf\u00f6rderung WIF","robots":{"index":"index","follow":"follow","max-snippet":"max-snippet:-1","max-image-preview":"max-image-preview:large","max-video-preview":"max-video-preview:-1"},"canonical":"https:\/\/www.promfr.ch\/de\/2023\/09\/06\/fribourg-network-freiburg-2023-ganz-im-zeichen-des-bausektors-und-der-energieeffizienz\/","og_locale":"de_DE","og_type":"article","og_title":"Fribourg Network Freiburg 2023 ganz im Zeichen des Bausektors und der Energieeffizienz - Wirtschaftsf\u00f6rderung WIF","og_description":"Der Bausektor ist einer der Pfeiler der Freiburger Wirtschaft. Er kann auf ein \u00e4usserst dichtes Netz von Grossunternehmen, herausragenden KMU sowie Kompetenzzentren und spezialisierten Instituten zur\u00fcckgreifen. Die Ausgabe 2023 von Fribourg Network Freiburg, dem offiziellen Magazin der Wirtschaftsf\u00f6rderung Kanton Freiburg, befasst sich mit diesem lokalen...","og_url":"https:\/\/www.promfr.ch\/de\/2023\/09\/06\/fribourg-network-freiburg-2023-ganz-im-zeichen-des-bausektors-und-der-energieeffizienz\/","og_site_name":"Wirtschaftsf\u00f6rderung WIF","article_published_time":"2023-09-06T11:02:22+00:00","article_modified_time":"2023-12-18T07:38:47+00:00","og_image":[{"width":1000,"height":500,"url":"https:\/\/www.promfr.ch\/wp-content\/uploads\/2023\/09\/fnf23-mailchimp-banner-DEU.jpg","type":"image\/jpeg"}],"author":"Dave","twitter_card":"summary_large_image","twitter_creator":"@promfr","twitter_site":"@promfr","schema":{"@context":"https:\/\/schema.org","@graph":[{"@type":"Article","@id":"https:\/\/www.promfr.ch\/de\/2023\/09\/06\/fribourg-network-freiburg-2023-ganz-im-zeichen-des-bausektors-und-der-energieeffizienz\/#article","isPartOf":{"@id":"https:\/\/www.promfr.ch\/de\/2023\/09\/06\/fribourg-network-freiburg-2023-ganz-im-zeichen-des-bausektors-und-der-energieeffizienz\/"},"author":{"name":"Dave","@id":"https:\/\/www.promfr.ch\/#\/schema\/person\/20196b7d3ae14a53f7e4c1cac3bd8f49"},"headline":"Fribourg Network Freiburg 2023 ganz im Zeichen des Bausektors und der Energieeffizienz","datePublished":"2023-09-06T11:02:22+00:00","dateModified":"2023-12-18T07:38:47+00:00","mainEntityOfPage":{"@id":"https:\/\/www.promfr.ch\/de\/2023\/09\/06\/fribourg-network-freiburg-2023-ganz-im-zeichen-des-bausektors-und-der-energieeffizienz\/"},"wordCount":542,"publisher":{"@id":"https:\/\/www.promfr.ch\/#organization"},"image":{"@id":"https:\/\/www.promfr.ch\/de\/2023\/09\/06\/fribourg-network-freiburg-2023-ganz-im-zeichen-des-bausektors-und-der-energieeffizienz\/#primaryimage"},"thumbnailUrl":"https:\/\/www.promfr.ch\/wp-content\/uploads\/2023\/09\/fnf23-mailchimp-banner-DEU.jpg","articleSection":["News"],"inLanguage":"de"},{"@type":"WebPage","@id":"https:\/\/www.promfr.ch\/de\/2023\/09\/06\/fribourg-network-freiburg-2023-ganz-im-zeichen-des-bausektors-und-der-energieeffizienz\/","url":"https:\/\/www.promfr.ch\/de\/2023\/09\/06\/fribourg-network-freiburg-2023-ganz-im-zeichen-des-bausektors-und-der-energieeffizienz\/","name":"Fribourg Network Freiburg 2023 ganz im Zeichen des Bausektors und der Energieeffizienz - Wirtschaftsf\u00f6rderung WIF","isPartOf":{"@id":"https:\/\/www.promfr.ch\/#website"},"primaryImageOfPage":{"@id":"https:\/\/www.promfr.ch\/de\/2023\/09\/06\/fribourg-network-freiburg-2023-ganz-im-zeichen-des-bausektors-und-der-energieeffizienz\/#primaryimage"},"image":{"@id":"https:\/\/www.promfr.ch\/de\/2023\/09\/06\/fribourg-network-freiburg-2023-ganz-im-zeichen-des-bausektors-und-der-energieeffizienz\/#primaryimage"},"thumbnailUrl":"https:\/\/www.promfr.ch\/wp-content\/uploads\/2023\/09\/fnf23-mailchimp-banner-DEU.jpg","datePublished":"2023-09-06T11:02:22+00:00","dateModified":"2023-12-18T07:38:47+00:00","breadcrumb":{"@id":"https:\/\/www.promfr.ch\/de\/2023\/09\/06\/fribourg-network-freiburg-2023-ganz-im-zeichen-des-bausektors-und-der-energieeffizienz\/#breadcrumb"},"inLanguage":"de","potentialAction":[{"@type":"ReadAction","target":["https:\/\/www.promfr.ch\/de\/2023\/09\/06\/fribourg-network-freiburg-2023-ganz-im-zeichen-des-bausektors-und-der-energieeffizienz\/"]}]},{"@type":"ImageObject","inLanguage":"de","@id":"https:\/\/www.promfr.ch\/de\/2023\/09\/06\/fribourg-network-freiburg-2023-ganz-im-zeichen-des-bausektors-und-der-energieeffizienz\/#primaryimage","url":"https:\/\/www.promfr.ch\/wp-content\/uploads\/2023\/09\/fnf23-mailchimp-banner-DEU.jpg","contentUrl":"https:\/\/www.promfr.ch\/wp-content\/uploads\/2023\/09\/fnf23-mailchimp-banner-DEU.jpg","width":1000,"height":500},{"@type":"BreadcrumbList","@id":"https:\/\/www.promfr.ch\/de\/2023\/09\/06\/fribourg-network-freiburg-2023-ganz-im-zeichen-des-bausektors-und-der-energieeffizienz\/#breadcrumb","itemListElement":[{"@type":"ListItem","position":1,"name":"Accueil","item":"https:\/\/www.promfr.ch\/de\/"},{"@type":"ListItem","position":2,"name":"Fribourg Network Freiburg 2023 ganz im Zeichen des Bausektors und der Energieeffizienz"}]},{"@type":"WebSite","@id":"https:\/\/www.promfr.ch\/#website","url":"https:\/\/www.promfr.ch\/","name":"Promotion \u00e9conomique du canton de Fribourg (PromFR)","description":"FRIBOURG, THE PLACE TO GROW!","publisher":{"@id":"https:\/\/www.promfr.ch\/#organization"},"alternateName":"Wirtschaftsf\u00f6rderung Kanton Freiburg (WIF)","potentialAction":[{"@type":"SearchAction","target":{"@type":"EntryPoint","urlTemplate":"https:\/\/www.promfr.ch\/?s={search_term_string}"},"query-input":{"@type":"PropertyValueSpecification","valueRequired":true,"valueName":"search_term_string"}}],"inLanguage":"de"},{"@type":"Organization","@id":"https:\/\/www.promfr.ch\/#organization","name":"Promotion \u00e9conomique du canton de Fribourg (PromFR)","alternateName":"Wirtschaftsf\u00f6rderung Kanton Freiburg (WIF)","url":"https:\/\/www.promfr.ch\/","logo":{"@type":"ImageObject","inLanguage":"de","@id":"https:\/\/www.promfr.ch\/#\/schema\/logo\/image\/","url":"https:\/\/www.promfr.ch\/wp-content\/uploads\/2017\/07\/promotion-economique-fribourg-logo.png","contentUrl":"https:\/\/www.promfr.ch\/wp-content\/uploads\/2017\/07\/promotion-economique-fribourg-logo.png","width":515,"height":156,"caption":"Promotion \u00e9conomique du canton de Fribourg (PromFR)"},"image":{"@id":"https:\/\/www.promfr.ch\/#\/schema\/logo\/image\/"},"sameAs":["https:\/\/x.com\/promfr","https:\/\/www.linkedin.com\/company\/promfr","https:\/\/www.youtube.com\/user\/promfr"]},{"@type":"Person","@id":"https:\/\/www.promfr.ch\/#\/schema\/person\/20196b7d3ae14a53f7e4c1cac3bd8f49","name":"Dave","image":{"@type":"ImageObject","inLanguage":"de","@id":"https:\/\/www.promfr.ch\/#\/schema\/person\/image\/","url":"https:\/\/secure.gravatar.com\/avatar\/63e512e28eb91f63bb4b378d9f62712c22f94e3fa3e516201b3043e13d02fe48?s=96&d=mm&r=g","contentUrl":"https:\/\/secure.gravatar.com\/avatar\/63e512e28eb91f63bb4b378d9f62712c22f94e3fa3e516201b3043e13d02fe48?s=96&d=mm&r=g","caption":"Dave"},"url":"https:\/\/www.promfr.ch\/de\/author\/davide\/"}]}},"_links":{"self":[{"href":"https:\/\/www.promfr.ch\/de\/wp-json\/wp\/v2\/posts\/20259","targetHints":{"allow":["GET"]}}],"collection":[{"href":"https:\/\/www.promfr.ch\/de\/wp-json\/wp\/v2\/posts"}],"about":[{"href":"https:\/\/www.promfr.ch\/de\/wp-json\/wp\/v2\/types\/post"}],"author":[{"embeddable":true,"href":"https:\/\/www.promfr.ch\/de\/wp-json\/wp\/v2\/users\/4"}],"replies":[{"embeddable":true,"href":"https:\/\/www.promfr.ch\/de\/wp-json\/wp\/v2\/comments?post=20259"}],"version-history":[{"count":2,"href":"https:\/\/www.promfr.ch\/de\/wp-json\/wp\/v2\/posts\/20259\/revisions"}],"predecessor-version":[{"id":20475,"href":"https:\/\/www.promfr.ch\/de\/wp-json\/wp\/v2\/posts\/20259\/revisions\/20475"}],"wp:featuredmedia":[{"embeddable":true,"href":"https:\/\/www.promfr.ch\/de\/wp-json\/wp\/v2\/media\/20260"}],"wp:attachment":[{"href":"https:\/\/www.promfr.ch\/de\/wp-json\/wp\/v2\/media?parent=20259"}],"wp:term":[{"taxonomy":"category","embeddable":true,"href":"https:\/\/www.promfr.ch\/de\/wp-json\/wp\/v2\/categories?post=20259"},{"taxonomy":"post_tag","embeddable":true,"href":"https:\/\/www.promfr.ch\/de\/wp-json\/wp\/v2\/tags?post=20259"}],"curies":[{"name":"wp","href":"https:\/\/api.w.org\/{rel}","templated":true}]}}