{"id":20879,"date":"2024-09-04T13:00:45","date_gmt":"2024-09-04T11:00:45","guid":{"rendered":"https:\/\/www.promfr.ch\/?p=20879"},"modified":"2024-09-05T11:03:23","modified_gmt":"2024-09-05T09:03:23","slug":"die-life-sciences-im-zentrum-von-fnf-2024-und-einer-wirkungsstudie","status":"publish","type":"post","link":"https:\/\/www.promfr.ch\/de\/2024\/09\/04\/die-life-sciences-im-zentrum-von-fnf-2024-und-einer-wirkungsstudie\/","title":{"rendered":"DIE LIFE SCIENCES IM ZENTRUM VON FNF 2024 UND EINER WIRKUNGSSTUDIE"},"content":{"rendered":"<p><strong>Der Life-Sciences-Sektor festigt seine Position innerhalb der Freiburger Wirtschaft und st\u00fctzt sich auf ein reiches \u00d6kosystem, das aus erstklassigen Unternehmen, innovativen Start-ups, spezialisierten Instituten und Kompetenzzentren besteht. Die Ausgabe 2024 von <em>Fribourg Network Freiburg<\/em>, dem offiziellen Magazin der Wirtschaftsf\u00f6rderung Kanton Freiburg (WIF), beleuchtet diesen dynamischen Sektor, der die Bereiche Pharma, Biotechnologie sowie Medizinger\u00e4te umfasst. Dieses Jahr wird das Magazin von einer druckfrischen Studie von BAK Economics begleitet, in der die volkswirtschaftlichen Auswirkungen der Life Sciences im Kanton bewertet werden. Die beiden Publikationen wurden im Rahmen einer Veranstaltung bei UCB Farchim in Bulle vorgestellt, einem f\u00fchrenden wissenschaftlichen Innovationsstandort im Kanton Freiburg.<\/strong><\/p>\n<p>Die rasche Entwicklung der Life Sciences tr\u00e4gt wesentlich zur Diversifizierung der kantonalen Wirtschaft bei und f\u00f6rdert gleichzeitig Synergien mit anderen Branchen. &#8222;Dank seiner F\u00e4higkeit, innovative Sektoren zu integrieren, hat der Kanton Freiburg die Life Sciences zu einem starken Motor seiner wirtschaftlichen Entwicklung gemacht. Die Wirkungsstudie zeigt, dass auf 100 Franken, die in diesem Sektor generiert werden, 27 weitere Franken in anderen Industriezweigen hinzukommen und dass f\u00fcr jeden geschaffenen Arbeitsplatz ein weiterer in der kantonalen Wirtschaft dazukommt&#8220;, betont Staatsrat Olivier Curty, Volkswirtschafts- und Berufsbildungsdirektor.<\/p>\n<p>Der Aufschwung der Life Sciences in Freiburg tr\u00e4gt zu einer starken Positionierung des Kantons in der Biowirtschaft bei und st\u00fctzt sich auch auf die enge Zusammenarbeit zwischen akademischen Institutionen und industriellen Akteuren, wodurch ein Umfeld geschaffen wird, das Innovation und nachhaltiges Wachstum f\u00f6rdert. &#8222;Unsere Verankerung im Health Valley der Schweiz erm\u00f6glicht es uns nicht nur, globale Trends zu antizipieren, sondern auch von unserem reichen Erbe zu profitieren. Diese gewinnbringende Kombination bringt uns an die Spitze der Innovation in Bereichen wie Biotechnologie und gr\u00fcne Chemie, wodurch wir unsere F\u00fchrungsrolle in diesen Bereichen festigen&#8220;, sagt Jerry Krattiger, Direktor der Wirtschaftsf\u00f6rderung Kanton Freiburg. Diese Dynamik steigert weiterhin die Attraktivit\u00e4t Freiburgs auf internationaler Ebene und zieht Talente und wichtige Investitionen an.<\/p>\n<p><strong>AUFTAKTVERANSTALTUNG <\/strong><\/p>\n<p>Die Ausgabe 2024 von Fribourg Network Freiburg wurde im Rahmen einer von der WIF organisierten Veranstaltung am Mittwoch, den 4. September 2024, bei UCB Farchim in Bulle enth\u00fcllt. An diesem Anlass nahmen wichtige Akteure aus dem Bereich der Life Sciences teil. Einleitend \u00e4usserten sich Fabrice V\u00e9ricel (UCB) und Mathieu Resbeut (BAK Economics), der die Ergebnisse der umfassenden Studie \u00fcber die Bedeutung der Life Sciences f\u00fcr die Freiburger Volkswirtschaft vorstellte. Die anschliessende Podiumsdiskussion mit Michael Grass (BAK Economics), Ren\u00e9 Jenny (GRIP-Pharma), Maryline Marquet (EY) und Florence P\u00e9nicaud (UCB) bot Gelegenheit, sich \u00fcber die Herausforderungen und Chancen des Sektors auszutauschen.<\/p>\n<p>Die gesamte Diskussion finden Sie unter :<\/p>\n<p><iframe loading=\"lazy\"  id=\"_ytid_42524\"  width=\"1060\" height=\"596\"  data-origwidth=\"1060\" data-origheight=\"596\" src=\"https:\/\/www.youtube.com\/embed\/LuMzDAIAv_A?enablejsapi=1&#038;autoplay=0&#038;cc_load_policy=0&#038;cc_lang_pref=&#038;iv_load_policy=1&#038;loop=0&#038;rel=1&#038;fs=1&#038;playsinline=0&#038;autohide=2&#038;theme=dark&#038;color=red&#038;controls=1&#038;disablekb=0&#038;\" class=\"__youtube_prefs__  epyt-is-override  no-lazyload\" title=\"YouTube player\"  allow=\"fullscreen; accelerometer; autoplay; clipboard-write; encrypted-media; gyroscope; picture-in-picture; web-share\" referrerpolicy=\"strict-origin-when-cross-origin\" allowfullscreen data-no-lazy=\"1\" data-skipgform_ajax_framebjll=\"\"><\/iframe><\/p>\n<p><strong>BAK ECONOMICS-STUDIE \u00dcBER DIE LIFE SCIENCES<\/strong><\/p>\n<p>Die von BAK Economics in Zusammenarbeit mit dem Verband GRIP-Pharma, der Wirtschaftsf\u00f6rderung Kanton Freiburg sowie mehreren Unternehmen der Branche (CSL Vifor, Medion Grifols Diagnostics, OM Pharma, UCB Farchim und Verfora) durchgef\u00fchrte Studie mit dem Titel &#8222;<a href=\"https:\/\/www.promfr.ch\/wp-content\/uploads\/2024\/09\/BAK_Economics_Impact_LS_Fribourg_DE.pdf\">Die Bedeutung der Life-Sciences-Branche f\u00fcr die Volkswirtschaft des Kantons Freiburg<\/a>&#8220; bietet eine detaillierte Analyse der Bedeutung dieser Industrie f\u00fcr die Freiburger Wirtschaft.<\/p>\n<p>Die Studie zeigt, dass der Life-Sciences-Sektor im Jahr 2023 insgesamt 1,96 Milliarden Franken erwirtschaftete und damit mehr als 10 % der kantonalen Wirtschaft ausmachte, w\u00e4hrend er gleichzeitig fast 3300 Personen in Vollzeit\u00e4quivalenten (VZ\u00c4) besch\u00e4ftigte. Diese Zahlen unterstreichen die bemerkenswerte Leistung der Branche, deren wirtschaftlicher Beitrag sich in den letzten zehn Jahren mehr als verdreifacht hat und deren Produktivit\u00e4t pro Arbeitsplatz 3,2 Mal h\u00f6her ist als der kantonale Durchschnitt.<\/p>\n<p>F\u00fcr weitere Einzelheiten hat <a href=\"https:\/\/www.bak-economics.com\/\">BAK Economics<\/a> eine eigene Medienmitteilung herausgegeben.<\/p>\n<p><strong>FREIBURG NETWORK FREIBURG<\/strong><\/p>\n<p>Fribourg Network Freiburg (FNF) ist das offizielle Magazin der Wirtschaftsf\u00f6rderung Kanton Freiburg. Es wird seit 2001 ver\u00f6ffentlicht und informiert \u00fcber die Aktivit\u00e4ten von Unternehmen, Bildungseinrichtungen (Universit\u00e4t und Fachhochschulen), Technologie- und Innovationsstandorten sowie Instituten und Kompetenzzentren auf Freiburger Boden. Das Magazin befasst sich mit Schl\u00fcsselthemen wie der Biowirtschaft, Industrie 4.0, dem Technologietransfer oder Bausektor.<\/p>\n<p>Die digitale Version des FNF ist in Deutsch, Franz\u00f6sisch und Englisch abrufbar und verf\u00fcgt \u00fcber eine Website, die eine fl\u00fcssige und funktionale Navigation unterst\u00fctzt. <a href=\"http:\/\/www.fribourgnetwork.ch\/de\/\"><strong>www.fribourgnetwork.ch <\/strong><\/a>wird das ganze Jahr \u00fcber mit neuen redaktionellen und multimedialen Inhalten erg\u00e4nzt.<\/p>\n<p>Die gedruckte Version, die nur in Englisch verf\u00fcgbar ist, wird in einer Auflage von 2300 Exemplaren gedruckt und an internationale Wirtschaftskreise, die Schweizer Botschaften und Konsulate im Ausland sowie an die wichtigsten Wirtschaftstreuh\u00e4nder und -agenturen in Europa, Amerika und Asien verteilt.<\/p>\n<p>Die Ausgabe 2024 von Freiburg Network Freiburg ist ab dem 4. September 2024 erh\u00e4ltlich.<\/p>\n","protected":false},"excerpt":{"rendered":"<p>Der Life-Sciences-Sektor festigt seine Position innerhalb der Freiburger Wirtschaft und st\u00fctzt sich auf ein reiches \u00d6kosystem, das aus erstklassigen Unternehmen, innovativen Start-ups, spezialisierten Instituten und Kompetenzzentren besteht. Die Ausgabe 2024 von Fribourg Network Freiburg, dem offiziellen Magazin der Wirtschaftsf\u00f6rderung Kanton Freiburg (WIF), beleuchtet diesen dynamischen&#8230;<\/p>\n","protected":false},"author":6,"featured_media":20876,"comment_status":"closed","ping_status":"open","sticky":false,"template":"","format":"standard","meta":{"footnotes":""},"categories":[83],"tags":[],"class_list":["post-20879","post","type-post","status-publish","format-standard","has-post-thumbnail","hentry","category-news-de"],"yoast_head":"<!-- This site is optimized with the Yoast SEO plugin v26.9 - https:\/\/yoast.com\/product\/yoast-seo-wordpress\/ -->\n<title>DIE LIFE SCIENCES IM ZENTRUM VON FNF 2024 UND EINER WIRKUNGSSTUDIE - Wirtschaftsf\u00f6rderung WIF<\/title>\n<meta name=\"robots\" content=\"index, follow, max-snippet:-1, max-image-preview:large, max-video-preview:-1\" \/>\n<link rel=\"canonical\" href=\"https:\/\/www.promfr.ch\/de\/2024\/09\/04\/die-life-sciences-im-zentrum-von-fnf-2024-und-einer-wirkungsstudie\/\" \/>\n<meta property=\"og:locale\" content=\"de_DE\" \/>\n<meta property=\"og:type\" content=\"article\" \/>\n<meta property=\"og:title\" content=\"DIE LIFE SCIENCES IM ZENTRUM VON FNF 2024 UND EINER WIRKUNGSSTUDIE - Wirtschaftsf\u00f6rderung WIF\" \/>\n<meta property=\"og:description\" content=\"Der Life-Sciences-Sektor festigt seine Position innerhalb der Freiburger Wirtschaft und st\u00fctzt sich auf ein reiches \u00d6kosystem, das aus erstklassigen Unternehmen, innovativen Start-ups, spezialisierten Instituten und Kompetenzzentren besteht. Die Ausgabe 2024 von Fribourg Network Freiburg, dem offiziellen Magazin der Wirtschaftsf\u00f6rderung Kanton Freiburg (WIF), beleuchtet diesen dynamischen...\" \/>\n<meta property=\"og:url\" content=\"https:\/\/www.promfr.ch\/de\/2024\/09\/04\/die-life-sciences-im-zentrum-von-fnf-2024-und-einer-wirkungsstudie\/\" \/>\n<meta property=\"og:site_name\" content=\"Wirtschaftsf\u00f6rderung WIF\" \/>\n<meta property=\"article:published_time\" content=\"2024-09-04T11:00:45+00:00\" \/>\n<meta property=\"article:modified_time\" content=\"2024-09-05T09:03:23+00:00\" \/>\n<meta property=\"og:image\" content=\"https:\/\/www.promfr.ch\/wp-content\/uploads\/2024\/09\/FNF_2024-WEB_1.png\" \/>\n\t<meta property=\"og:image:width\" content=\"1654\" \/>\n\t<meta property=\"og:image:height\" content=\"1240\" \/>\n\t<meta property=\"og:image:type\" content=\"image\/png\" \/>\n<meta name=\"author\" content=\"Promotion Economique FR\" \/>\n<meta name=\"twitter:card\" content=\"summary_large_image\" \/>\n<meta name=\"twitter:creator\" content=\"@promfr\" \/>\n<meta name=\"twitter:site\" content=\"@promfr\" \/>\n<script type=\"application\/ld+json\" class=\"yoast-schema-graph\">{\"@context\":\"https:\/\/schema.org\",\"@graph\":[{\"@type\":\"Article\",\"@id\":\"https:\/\/www.promfr.ch\/de\/2024\/09\/04\/die-life-sciences-im-zentrum-von-fnf-2024-und-einer-wirkungsstudie\/#article\",\"isPartOf\":{\"@id\":\"https:\/\/www.promfr.ch\/de\/2024\/09\/04\/die-life-sciences-im-zentrum-von-fnf-2024-und-einer-wirkungsstudie\/\"},\"author\":{\"name\":\"Promotion Economique FR\",\"@id\":\"https:\/\/www.promfr.ch\/#\/schema\/person\/d3981670f940a863b20ad19bce28c5dc\"},\"headline\":\"DIE LIFE SCIENCES IM ZENTRUM VON FNF 2024 UND EINER WIRKUNGSSTUDIE\",\"datePublished\":\"2024-09-04T11:00:45+00:00\",\"dateModified\":\"2024-09-05T09:03:23+00:00\",\"mainEntityOfPage\":{\"@id\":\"https:\/\/www.promfr.ch\/de\/2024\/09\/04\/die-life-sciences-im-zentrum-von-fnf-2024-und-einer-wirkungsstudie\/\"},\"wordCount\":736,\"publisher\":{\"@id\":\"https:\/\/www.promfr.ch\/#organization\"},\"image\":{\"@id\":\"https:\/\/www.promfr.ch\/de\/2024\/09\/04\/die-life-sciences-im-zentrum-von-fnf-2024-und-einer-wirkungsstudie\/#primaryimage\"},\"thumbnailUrl\":\"https:\/\/www.promfr.ch\/wp-content\/uploads\/2024\/09\/FNF_2024-WEB_1.png\",\"articleSection\":[\"News\"],\"inLanguage\":\"de\"},{\"@type\":\"WebPage\",\"@id\":\"https:\/\/www.promfr.ch\/de\/2024\/09\/04\/die-life-sciences-im-zentrum-von-fnf-2024-und-einer-wirkungsstudie\/\",\"url\":\"https:\/\/www.promfr.ch\/de\/2024\/09\/04\/die-life-sciences-im-zentrum-von-fnf-2024-und-einer-wirkungsstudie\/\",\"name\":\"DIE LIFE SCIENCES IM ZENTRUM VON FNF 2024 UND EINER WIRKUNGSSTUDIE - Wirtschaftsf\u00f6rderung WIF\",\"isPartOf\":{\"@id\":\"https:\/\/www.promfr.ch\/#website\"},\"primaryImageOfPage\":{\"@id\":\"https:\/\/www.promfr.ch\/de\/2024\/09\/04\/die-life-sciences-im-zentrum-von-fnf-2024-und-einer-wirkungsstudie\/#primaryimage\"},\"image\":{\"@id\":\"https:\/\/www.promfr.ch\/de\/2024\/09\/04\/die-life-sciences-im-zentrum-von-fnf-2024-und-einer-wirkungsstudie\/#primaryimage\"},\"thumbnailUrl\":\"https:\/\/www.promfr.ch\/wp-content\/uploads\/2024\/09\/FNF_2024-WEB_1.png\",\"datePublished\":\"2024-09-04T11:00:45+00:00\",\"dateModified\":\"2024-09-05T09:03:23+00:00\",\"breadcrumb\":{\"@id\":\"https:\/\/www.promfr.ch\/de\/2024\/09\/04\/die-life-sciences-im-zentrum-von-fnf-2024-und-einer-wirkungsstudie\/#breadcrumb\"},\"inLanguage\":\"de\",\"potentialAction\":[{\"@type\":\"ReadAction\",\"target\":[\"https:\/\/www.promfr.ch\/de\/2024\/09\/04\/die-life-sciences-im-zentrum-von-fnf-2024-und-einer-wirkungsstudie\/\"]}]},{\"@type\":\"ImageObject\",\"inLanguage\":\"de\",\"@id\":\"https:\/\/www.promfr.ch\/de\/2024\/09\/04\/die-life-sciences-im-zentrum-von-fnf-2024-und-einer-wirkungsstudie\/#primaryimage\",\"url\":\"https:\/\/www.promfr.ch\/wp-content\/uploads\/2024\/09\/FNF_2024-WEB_1.png\",\"contentUrl\":\"https:\/\/www.promfr.ch\/wp-content\/uploads\/2024\/09\/FNF_2024-WEB_1.png\",\"width\":1654,\"height\":1240},{\"@type\":\"BreadcrumbList\",\"@id\":\"https:\/\/www.promfr.ch\/de\/2024\/09\/04\/die-life-sciences-im-zentrum-von-fnf-2024-und-einer-wirkungsstudie\/#breadcrumb\",\"itemListElement\":[{\"@type\":\"ListItem\",\"position\":1,\"name\":\"Accueil\",\"item\":\"https:\/\/www.promfr.ch\/de\/\"},{\"@type\":\"ListItem\",\"position\":2,\"name\":\"DIE LIFE SCIENCES IM ZENTRUM VON FNF 2024 UND EINER WIRKUNGSSTUDIE\"}]},{\"@type\":\"WebSite\",\"@id\":\"https:\/\/www.promfr.ch\/#website\",\"url\":\"https:\/\/www.promfr.ch\/\",\"name\":\"Promotion \u00e9conomique du canton de Fribourg (PromFR)\",\"description\":\"FRIBOURG, THE PLACE TO GROW!\",\"publisher\":{\"@id\":\"https:\/\/www.promfr.ch\/#organization\"},\"alternateName\":\"Wirtschaftsf\u00f6rderung Kanton Freiburg (WIF)\",\"potentialAction\":[{\"@type\":\"SearchAction\",\"target\":{\"@type\":\"EntryPoint\",\"urlTemplate\":\"https:\/\/www.promfr.ch\/?s={search_term_string}\"},\"query-input\":{\"@type\":\"PropertyValueSpecification\",\"valueRequired\":true,\"valueName\":\"search_term_string\"}}],\"inLanguage\":\"de\"},{\"@type\":\"Organization\",\"@id\":\"https:\/\/www.promfr.ch\/#organization\",\"name\":\"Promotion \u00e9conomique du canton de Fribourg (PromFR)\",\"alternateName\":\"Wirtschaftsf\u00f6rderung Kanton Freiburg (WIF)\",\"url\":\"https:\/\/www.promfr.ch\/\",\"logo\":{\"@type\":\"ImageObject\",\"inLanguage\":\"de\",\"@id\":\"https:\/\/www.promfr.ch\/#\/schema\/logo\/image\/\",\"url\":\"https:\/\/www.promfr.ch\/wp-content\/uploads\/2017\/07\/promotion-economique-fribourg-logo.png\",\"contentUrl\":\"https:\/\/www.promfr.ch\/wp-content\/uploads\/2017\/07\/promotion-economique-fribourg-logo.png\",\"width\":515,\"height\":156,\"caption\":\"Promotion \u00e9conomique du canton de Fribourg (PromFR)\"},\"image\":{\"@id\":\"https:\/\/www.promfr.ch\/#\/schema\/logo\/image\/\"},\"sameAs\":[\"https:\/\/x.com\/promfr\",\"https:\/\/www.linkedin.com\/company\/promfr\",\"https:\/\/www.youtube.com\/user\/promfr\"]},{\"@type\":\"Person\",\"@id\":\"https:\/\/www.promfr.ch\/#\/schema\/person\/d3981670f940a863b20ad19bce28c5dc\",\"name\":\"Promotion Economique FR\",\"image\":{\"@type\":\"ImageObject\",\"inLanguage\":\"de\",\"@id\":\"https:\/\/www.promfr.ch\/#\/schema\/person\/image\/\",\"url\":\"https:\/\/secure.gravatar.com\/avatar\/ded1fd2654a7e1976070d6160e36a98152e8699272412bacd0cb766f1beb5924?s=96&d=mm&r=g\",\"contentUrl\":\"https:\/\/secure.gravatar.com\/avatar\/ded1fd2654a7e1976070d6160e36a98152e8699272412bacd0cb766f1beb5924?s=96&d=mm&r=g\",\"caption\":\"Promotion Economique FR\"},\"sameAs\":[\"http:\/\/www.promfr.ch\"],\"url\":\"https:\/\/www.promfr.ch\/de\/author\/promfr\/\"}]}<\/script>\n<!-- \/ Yoast SEO plugin. -->","yoast_head_json":{"title":"DIE LIFE SCIENCES IM ZENTRUM VON FNF 2024 UND EINER WIRKUNGSSTUDIE - Wirtschaftsf\u00f6rderung WIF","robots":{"index":"index","follow":"follow","max-snippet":"max-snippet:-1","max-image-preview":"max-image-preview:large","max-video-preview":"max-video-preview:-1"},"canonical":"https:\/\/www.promfr.ch\/de\/2024\/09\/04\/die-life-sciences-im-zentrum-von-fnf-2024-und-einer-wirkungsstudie\/","og_locale":"de_DE","og_type":"article","og_title":"DIE LIFE SCIENCES IM ZENTRUM VON FNF 2024 UND EINER WIRKUNGSSTUDIE - Wirtschaftsf\u00f6rderung WIF","og_description":"Der Life-Sciences-Sektor festigt seine Position innerhalb der Freiburger Wirtschaft und st\u00fctzt sich auf ein reiches \u00d6kosystem, das aus erstklassigen Unternehmen, innovativen Start-ups, spezialisierten Instituten und Kompetenzzentren besteht. Die Ausgabe 2024 von Fribourg Network Freiburg, dem offiziellen Magazin der Wirtschaftsf\u00f6rderung Kanton Freiburg (WIF), beleuchtet diesen dynamischen...","og_url":"https:\/\/www.promfr.ch\/de\/2024\/09\/04\/die-life-sciences-im-zentrum-von-fnf-2024-und-einer-wirkungsstudie\/","og_site_name":"Wirtschaftsf\u00f6rderung WIF","article_published_time":"2024-09-04T11:00:45+00:00","article_modified_time":"2024-09-05T09:03:23+00:00","og_image":[{"width":1654,"height":1240,"url":"https:\/\/www.promfr.ch\/wp-content\/uploads\/2024\/09\/FNF_2024-WEB_1.png","type":"image\/png"}],"author":"Promotion Economique FR","twitter_card":"summary_large_image","twitter_creator":"@promfr","twitter_site":"@promfr","schema":{"@context":"https:\/\/schema.org","@graph":[{"@type":"Article","@id":"https:\/\/www.promfr.ch\/de\/2024\/09\/04\/die-life-sciences-im-zentrum-von-fnf-2024-und-einer-wirkungsstudie\/#article","isPartOf":{"@id":"https:\/\/www.promfr.ch\/de\/2024\/09\/04\/die-life-sciences-im-zentrum-von-fnf-2024-und-einer-wirkungsstudie\/"},"author":{"name":"Promotion Economique FR","@id":"https:\/\/www.promfr.ch\/#\/schema\/person\/d3981670f940a863b20ad19bce28c5dc"},"headline":"DIE LIFE SCIENCES IM ZENTRUM VON FNF 2024 UND EINER WIRKUNGSSTUDIE","datePublished":"2024-09-04T11:00:45+00:00","dateModified":"2024-09-05T09:03:23+00:00","mainEntityOfPage":{"@id":"https:\/\/www.promfr.ch\/de\/2024\/09\/04\/die-life-sciences-im-zentrum-von-fnf-2024-und-einer-wirkungsstudie\/"},"wordCount":736,"publisher":{"@id":"https:\/\/www.promfr.ch\/#organization"},"image":{"@id":"https:\/\/www.promfr.ch\/de\/2024\/09\/04\/die-life-sciences-im-zentrum-von-fnf-2024-und-einer-wirkungsstudie\/#primaryimage"},"thumbnailUrl":"https:\/\/www.promfr.ch\/wp-content\/uploads\/2024\/09\/FNF_2024-WEB_1.png","articleSection":["News"],"inLanguage":"de"},{"@type":"WebPage","@id":"https:\/\/www.promfr.ch\/de\/2024\/09\/04\/die-life-sciences-im-zentrum-von-fnf-2024-und-einer-wirkungsstudie\/","url":"https:\/\/www.promfr.ch\/de\/2024\/09\/04\/die-life-sciences-im-zentrum-von-fnf-2024-und-einer-wirkungsstudie\/","name":"DIE LIFE SCIENCES IM ZENTRUM VON FNF 2024 UND EINER WIRKUNGSSTUDIE - Wirtschaftsf\u00f6rderung WIF","isPartOf":{"@id":"https:\/\/www.promfr.ch\/#website"},"primaryImageOfPage":{"@id":"https:\/\/www.promfr.ch\/de\/2024\/09\/04\/die-life-sciences-im-zentrum-von-fnf-2024-und-einer-wirkungsstudie\/#primaryimage"},"image":{"@id":"https:\/\/www.promfr.ch\/de\/2024\/09\/04\/die-life-sciences-im-zentrum-von-fnf-2024-und-einer-wirkungsstudie\/#primaryimage"},"thumbnailUrl":"https:\/\/www.promfr.ch\/wp-content\/uploads\/2024\/09\/FNF_2024-WEB_1.png","datePublished":"2024-09-04T11:00:45+00:00","dateModified":"2024-09-05T09:03:23+00:00","breadcrumb":{"@id":"https:\/\/www.promfr.ch\/de\/2024\/09\/04\/die-life-sciences-im-zentrum-von-fnf-2024-und-einer-wirkungsstudie\/#breadcrumb"},"inLanguage":"de","potentialAction":[{"@type":"ReadAction","target":["https:\/\/www.promfr.ch\/de\/2024\/09\/04\/die-life-sciences-im-zentrum-von-fnf-2024-und-einer-wirkungsstudie\/"]}]},{"@type":"ImageObject","inLanguage":"de","@id":"https:\/\/www.promfr.ch\/de\/2024\/09\/04\/die-life-sciences-im-zentrum-von-fnf-2024-und-einer-wirkungsstudie\/#primaryimage","url":"https:\/\/www.promfr.ch\/wp-content\/uploads\/2024\/09\/FNF_2024-WEB_1.png","contentUrl":"https:\/\/www.promfr.ch\/wp-content\/uploads\/2024\/09\/FNF_2024-WEB_1.png","width":1654,"height":1240},{"@type":"BreadcrumbList","@id":"https:\/\/www.promfr.ch\/de\/2024\/09\/04\/die-life-sciences-im-zentrum-von-fnf-2024-und-einer-wirkungsstudie\/#breadcrumb","itemListElement":[{"@type":"ListItem","position":1,"name":"Accueil","item":"https:\/\/www.promfr.ch\/de\/"},{"@type":"ListItem","position":2,"name":"DIE LIFE SCIENCES IM ZENTRUM VON FNF 2024 UND EINER WIRKUNGSSTUDIE"}]},{"@type":"WebSite","@id":"https:\/\/www.promfr.ch\/#website","url":"https:\/\/www.promfr.ch\/","name":"Promotion \u00e9conomique du canton de Fribourg (PromFR)","description":"FRIBOURG, THE PLACE TO GROW!","publisher":{"@id":"https:\/\/www.promfr.ch\/#organization"},"alternateName":"Wirtschaftsf\u00f6rderung Kanton Freiburg (WIF)","potentialAction":[{"@type":"SearchAction","target":{"@type":"EntryPoint","urlTemplate":"https:\/\/www.promfr.ch\/?s={search_term_string}"},"query-input":{"@type":"PropertyValueSpecification","valueRequired":true,"valueName":"search_term_string"}}],"inLanguage":"de"},{"@type":"Organization","@id":"https:\/\/www.promfr.ch\/#organization","name":"Promotion \u00e9conomique du canton de Fribourg (PromFR)","alternateName":"Wirtschaftsf\u00f6rderung Kanton Freiburg (WIF)","url":"https:\/\/www.promfr.ch\/","logo":{"@type":"ImageObject","inLanguage":"de","@id":"https:\/\/www.promfr.ch\/#\/schema\/logo\/image\/","url":"https:\/\/www.promfr.ch\/wp-content\/uploads\/2017\/07\/promotion-economique-fribourg-logo.png","contentUrl":"https:\/\/www.promfr.ch\/wp-content\/uploads\/2017\/07\/promotion-economique-fribourg-logo.png","width":515,"height":156,"caption":"Promotion \u00e9conomique du canton de Fribourg (PromFR)"},"image":{"@id":"https:\/\/www.promfr.ch\/#\/schema\/logo\/image\/"},"sameAs":["https:\/\/x.com\/promfr","https:\/\/www.linkedin.com\/company\/promfr","https:\/\/www.youtube.com\/user\/promfr"]},{"@type":"Person","@id":"https:\/\/www.promfr.ch\/#\/schema\/person\/d3981670f940a863b20ad19bce28c5dc","name":"Promotion Economique FR","image":{"@type":"ImageObject","inLanguage":"de","@id":"https:\/\/www.promfr.ch\/#\/schema\/person\/image\/","url":"https:\/\/secure.gravatar.com\/avatar\/ded1fd2654a7e1976070d6160e36a98152e8699272412bacd0cb766f1beb5924?s=96&d=mm&r=g","contentUrl":"https:\/\/secure.gravatar.com\/avatar\/ded1fd2654a7e1976070d6160e36a98152e8699272412bacd0cb766f1beb5924?s=96&d=mm&r=g","caption":"Promotion Economique FR"},"sameAs":["http:\/\/www.promfr.ch"],"url":"https:\/\/www.promfr.ch\/de\/author\/promfr\/"}]}},"_links":{"self":[{"href":"https:\/\/www.promfr.ch\/de\/wp-json\/wp\/v2\/posts\/20879","targetHints":{"allow":["GET"]}}],"collection":[{"href":"https:\/\/www.promfr.ch\/de\/wp-json\/wp\/v2\/posts"}],"about":[{"href":"https:\/\/www.promfr.ch\/de\/wp-json\/wp\/v2\/types\/post"}],"author":[{"embeddable":true,"href":"https:\/\/www.promfr.ch\/de\/wp-json\/wp\/v2\/users\/6"}],"replies":[{"embeddable":true,"href":"https:\/\/www.promfr.ch\/de\/wp-json\/wp\/v2\/comments?post=20879"}],"version-history":[{"count":4,"href":"https:\/\/www.promfr.ch\/de\/wp-json\/wp\/v2\/posts\/20879\/revisions"}],"predecessor-version":[{"id":20893,"href":"https:\/\/www.promfr.ch\/de\/wp-json\/wp\/v2\/posts\/20879\/revisions\/20893"}],"wp:featuredmedia":[{"embeddable":true,"href":"https:\/\/www.promfr.ch\/de\/wp-json\/wp\/v2\/media\/20876"}],"wp:attachment":[{"href":"https:\/\/www.promfr.ch\/de\/wp-json\/wp\/v2\/media?parent=20879"}],"wp:term":[{"taxonomy":"category","embeddable":true,"href":"https:\/\/www.promfr.ch\/de\/wp-json\/wp\/v2\/categories?post=20879"},{"taxonomy":"post_tag","embeddable":true,"href":"https:\/\/www.promfr.ch\/de\/wp-json\/wp\/v2\/tags?post=20879"}],"curies":[{"name":"wp","href":"https:\/\/api.w.org\/{rel}","templated":true}]}}