{"id":20926,"date":"2024-10-02T11:30:55","date_gmt":"2024-10-02T09:30:55","guid":{"rendered":"https:\/\/www.promfr.ch\/?p=20926"},"modified":"2024-10-02T12:43:14","modified_gmt":"2024-10-02T10:43:14","slug":"dies-sind-die-neun-finalisten-des-innovationspreises-des-kantons-freiburg-2","status":"publish","type":"post","link":"https:\/\/www.promfr.ch\/de\/2024\/10\/02\/dies-sind-die-neun-finalisten-des-innovationspreises-des-kantons-freiburg-2\/","title":{"rendered":"Der Staat Freiburg und die FKB enth\u00fcllen die neun Finalisten des IFF-Preises"},"content":{"rendered":"<p><em>Heute hat Jurypr\u00e4sident Olivier Curty die neun Finalisten des IFF-Preises (Innovation Fribourg Freiburg) vorgestellt. Die drei Gewinner werden an der Preisverleihung vom 6. November bekannt gegeben. F\u00fcr den IFF-Preis Start-up startet heute die Publikumswahl: jede und jeder kann seinem bevorzugten Jungunternehmen seine Stimme geben.<\/em><\/p>\n<p>Die Ausgabe 2024-2025 des IFF-Preises z\u00e4hlt insgesamt drei Kategorien: der IFF-Preis <strong>Enterprise<\/strong>, der IFF-Preis <strong>Start-up<\/strong> und der IFF-Preis <strong>Sustainability<\/strong>. Der mit 10&#8217;000 Franken dotierte IFF-Preis Enterprise ist f\u00fcr Firmen bestimmt, die vor 2019 gegr\u00fcndet wurden. Der IFF-Preis Start-up (30&#8217;000 Franken) ist f\u00fcr Jungunternehmen, die vor weniger als f\u00fcnf Jahren gegr\u00fcndet wurden. Der IFF-Preis Sustainability seinerseits zeichnet Unternehmen mit besonders nachhaltigen Projekten aus. An der Preisverleihung vom 6. November werden die drei Gewinner bekannt gegeben und die neun Finalisten f\u00fcr ihr Engagement f\u00fcr Innovation geehrt.<\/p>\n<p>Dieses Jahr sind insgesamt 39 Kandidaturen eingegangen, dies ist eine mehr als bei der letzten Ausgabe. Um die Projekte zu beurteilen, haben zwei Jurysitzungen stattgefunden und ausserdem hat die Jury die Finalisten des IFF-Preises Enterprise besucht. Staatsrat Olivier Curty, der die Jury pr\u00e4sidiert, sagt: <em>\u201eDiese neun Finalisten k\u00f6nnen stolz darauf sein, dass sie ausgew\u00e4hlt wurden, denn die Konkurrenz war sehr stark. Ich ziehe meinen Hut vor diesen neun Unternehmen, die die Fahne der Freiburger Innovation hochhalten.\u201c<\/em><\/p>\n<h2>Die 3 Finalisten des IFF-Preises Enterprise<\/h2>\n<p><strong>Asyril AG, Villaz-St-Pierre, <\/strong><a href=\"https:\/\/asyril.com\/merlin-concept\/\"><strong>https:\/\/asyril.com\/merlin-concept<\/strong><\/a><strong><br \/>\nEine intelligente Kiste f\u00fcr die verarbeitende Industrie<\/strong><\/p>\n<p>Viele Branchen m\u00fcssen heute eine Vielzahl von kundenspezifischen Produkten in kleinen St\u00fcckzahlen herstellen, was die Mitarbeitenden in der Produktion immer noch zu viel Handarbeit zwingt. Um diese repetitiven Aufgaben zu automatisieren, hat Asyril das <em>Merlin Concept<\/em> entwickelt, eine innovative L\u00f6sung, die es Robotern erm\u00f6glicht, die Teile direkt einer intelligenten Kiste zu entnehmen. Diese ist mit acht Kameras ausgestattet, die einen \u00dcberblick \u00fcber ihren Inhalt bietet, sowie mit einem anhebbaren Boden, der dem Roboter die Entnahme der Teile erleichtert. Eine intuitive Benutzeroberfl\u00e4che, die auf k\u00fcnstlicher Intelligenz basiert, bringt dem System schnell bei, die Ausrichtung neuer Teile zu erkennen.<\/p>\n<p><strong>Contrinex AG, Corminboeuf, <\/strong><a href=\"http:\/\/www.contrinex.com\"><strong>www.contrinex.com<\/strong><\/a><strong><br \/>\n<\/strong><strong>Eine leistungsstarke, aber benutzerfreundliche 3D-Smart-Kamera f\u00fcr industrielle Anwendungen<\/strong><\/p>\n<p>Die industrielle 3D-Kamera von Contrinex hebt sich durch ihre Echtzeit-Bildanalyse und ihre fortschrittlichen Algorithmen von bestehenden L\u00f6sungen ab, ist aber auch ohne technische Kenntnisse bedienbar. Die Kamera, die mit einer mobilen App konfiguriert werden kann, liefert ein einfaches und bin\u00e4res Ergebnis, das angibt, ob das fotografierte Objekt konform ist. Die 3D-Smart-Kamera eignet sich f\u00fcr eine Vielzahl industrieller Anwendungen, darunter Fehlererkennung, \u00dcberpr\u00fcfung von Verpackungen, Messen und Klassifizieren von Objekten, Erkennung fehlender Teile, F\u00fcllstandskontrolle sowie \u00dcberwachung sicherheitskritischer Bereiche.<\/p>\n<p><strong>Liebherr Maschinen Bulle AG, Bulle, <\/strong><a href=\"http:\/\/www.liebherr.com\"><strong>www.liebherr.com<\/strong><\/a><strong><br \/>\nEine Schnittstelle zur Optimierung der Luftzufuhr zum Motor<\/strong><\/p>\n<p>Die Emissionen von Verbrennungsmotoren stellen eine Herausforderung f\u00fcr Baumaschinen dar. Der Betrieb mit magerem Gemisch (d. h. mit einem \u00dcberschuss an Luft im Vergleich zum Kraftstoff) ist eine L\u00f6sung, um zuk\u00fcnftige Standards einzuhalten. Allerdings kann diese Art des Betriebs die Dynamik des Motors beeintr\u00e4chtigen. Um dem entgegenzuwirken, hat Liebherr das <em>Hydraulic Air Boosting<\/em> entwickelt, ein innovatives System, das hydraulische Energie zur\u00fcckgewinnt, um einen mechanischen Kompressor anzutreiben. Letzterer f\u00fchrt zus\u00e4tzliche Luft ein, wodurch die Verz\u00f6gerung des Turbos verringert und die Motordrehzahl stabilisiert wird. Diese Technologie ist leicht zu integrieren und erh\u00f6ht die Effizienz des Motors bei gleichzeitiger Senkung des Kraftstoffverbrauchs.<\/p>\n<h2>Die 3 Finalisten des IFF-Preises Start-up<\/h2>\n<p><strong>Seprify AG, Marly, <\/strong><a href=\"http:\/\/www.seprify.com\"><strong>www.seprify.com<\/strong><\/a><strong><br \/>\n<\/strong><strong>Ein weisses Pigment, das aus Zellulose gewonnen wird<\/strong><\/p>\n<p>Seprify entwickelt und produziert Inhaltsstoffe auf Pflanzenbasis, um sicherere und nachhaltigere Alternativen zu bieten. Ihr Hauptprodukt ist ein Weisspigment aus Zellulose, das Titandioxid ersetzen soll. Letzteres wird als potenziell krebserregend eingestuft und ist als Lebensmittelzusatzstoff (E171) in der EU und in der Schweiz verboten. Neben der Lebensmittelindustrie weitet Seprify die Verwendung dieses Pigments auch auf die Bereiche Kosmetik, Arzneimittel, Druckfarben und Beschichtungen aus und bietet damit eine nat\u00fcrliche L\u00f6sung, die Leistung und Sicherheit f\u00fcr verschiedene industrielle Anwendungen vereint.<\/p>\n<p><strong>Xemperia AG, Bulle, <\/strong><a href=\"http:\/\/www.xemperia.com\"><strong>www.xemperia.com<\/strong><\/a><strong><br \/>\nBluttest zur Erkennung von Brustkrebs<\/strong><\/p>\n<p>Mit seinem innovativen Bluttest erfindet Xemperia die Brustkrebsvorsorge neu, indem es sich die nat\u00fcrliche Immunantwort des K\u00f6rpers auf Krankheitserreger zum Vorbild nimmt. Der Test weist Biomarker in Immunzellen nach, die durch die Anwesenheit von Krebszellen ver\u00e4ndert wurden, und bietet eine genauere, g\u00fcnstigere und bequemere Methode als die Mammographie. Er erfordert nur eine einfache Blutentnahme, vermeidet die Belastung durch R\u00f6ntgenstrahlen und verwendet die zuverl\u00e4ssige PCR-Technologie. Dar\u00fcber hinaus erm\u00f6glicht es Frauen unter 50 Jahren, die h\u00e4ufig von herk\u00f6mmlichen Methoden ausgeschlossen sind, den Zugang zu Vorsorgeuntersuchungen, wodurch diese effektiver und fl\u00e4chendeckender werden.<\/p>\n<p><strong>Yllyl GmbH, Givisiez, <\/strong><a href=\"https:\/\/yepa.yllyl.ch\"><strong>https:\/\/yepa.yllyl.ch<\/strong><\/a><strong><br \/>\nEine Plattform, die das Lernen sichtbar macht<\/strong><\/p>\n<p>Yllyl hat Yepa entwickelt, eine intelligente Plattform, die dabei hilft, Lernpraktiken mithilfe von k\u00fcnstlicher Intelligenz zu optimieren. Durch die Modellierung von Lernerfahrungen erm\u00f6glicht Yepa das Aufdecken von Praktiken und Ressourcen und die Vermittlung von personalisierten Empfehlungen. Sie bringt Nutzer mit \u00e4hnlichen Zielen zusammen und erm\u00f6glicht es Ausbildnern, ihre Kurse auf der Grundlage des erhaltenen Feedbacks zu perfektionieren. Der in Partnerschaft mit der HTA-FR entwickelte <em>Conversational Agent<\/em> interagiert mit den Nutzern, um die Analyse und die Empfehlungen zu verfeinern und so eine st\u00e4rkere Personalisierung zu erreichen.<\/p>\n<h2>Die 3 Finalisten des IFF-Preises Sustainability<\/h2>\n<p><strong>E2PME GmbH, Marly, <\/strong><a href=\"http:\/\/www.e2pme.ch\"><strong>www.e2pme.ch<\/strong><\/a><strong><br \/>\nEin Ger\u00e4t zur Energieanalyse in Echtzeit<\/strong><\/p>\n<p>Ein neues Ger\u00e4t, das E2PME entwickelt hat, erm\u00f6glicht die genaue Analyse und Quantifizierung der von Produktionsmaschinen verschwendeten Energie. Dank eines integrierten Algorithmus unterscheidet der E2WA zwischen Produktionsphasen und Standby- oder Einstellungszeiten und identifiziert so die Quellen von Energieverlusten. Die Daten k\u00f6nnen in Echtzeit \u00fcber ein Computernetzwerk abgerufen werden und liefern wichtige Informationen zur Optimierung der Konzeption und des Einsatzes von Maschinen. Das Ger\u00e4t misst ausserdem die elektrische, pneumatische und thermische Energie und sorgt so f\u00fcr eine Verbesserung der industriellen Leistung.<\/p>\n<p><strong>ROMAG aquacare AG, D\u00fcdingen, <\/strong><a href=\"http:\/\/www.romag.ch\"><strong>www.romag.ch<\/strong><\/a><strong><br \/>\nStromerzeugung mit Messung der Wasserqualit\u00e4t<\/strong><\/p>\n<p>Das von ROMAG aquacare entwickelte autonome System <em>aquacare Power<\/em> kombiniert eigenst\u00e4ndige Stromerzeugung mit kontinuierlicher Wasser\u00fcberwachung. Ideal f\u00fcr abgelegene Gebiete wie Bergregionen, nutzt es eine integrierte Turbine zur Stromversorgung. Der <em>aquacare PowerFlow<\/em> generiert die notwendige Energie f\u00fcr Motoren und Sensoren, die essenzielle Parameter wie Tr\u00fcbung, pH-Wert, Leitf\u00e4higkeit und Durchflussmenge messen. Die erfassten Daten werden \u00fcber LoRaWAN oder das Mobilfunknetz \u00fcbertragen, was eine Fern\u00fcberwachung und ein schnelles Eingreifen bei Abweichungen erm\u00f6glicht. So gew\u00e4hrleistet das System eine permanente Kontrolle und eine optimale Wasserqualit\u00e4t.<\/p>\n<p><strong>SWISS-B, Marly, <\/strong><a href=\"http:\/\/www.swiss-b.ch\"><strong>www.swiss-b.ch<\/strong><\/a><strong><br \/>\nBiologisch abbaubare T\u00f6pfe zur Anreicherung des Bodens<\/strong><\/p>\n<p>Mit PLANTEX will SWISS-B den Gartenbau nachhaltiger gestalten, indem sie Plastikt\u00f6pfe durch biologisch abbaubare T\u00f6pfe ersetzt. Hergestellt aus recycelten und organischen Materialien wie Pflanzenfasern, Dung und Pflanzenkohle, zersetzen sich diese T\u00f6pfe auf nat\u00fcrliche Weise und reduzieren so die Plastikverschmutzung und die Treibhausgasemissionen. Pflanzenkohle verbessert nicht nur die Bodenstruktur, sondern f\u00f6rdert auch die Wasserspeicherung und regt die mikrobielle Aktivit\u00e4t an, w\u00e4hrend Dung die Pflanzen mit wichtigen N\u00e4hrstoffen versorgt. Ein Beispiel f\u00fcr Kreislaufwirtschaft, Abfallverwertung und nachhaltige Landwirtschaft.<\/p>\n<h2>Publikumswahl f\u00fcr IFF-Preis Start-up<\/h2>\n<p>Ab heute Mittwoch, 2. Oktober, hat die \u00d6ffentlichkeit die M\u00f6glichkeit, den Gewinner des IFF-Preises Start-up zu w\u00e4hlen. Die Wahl ist bis zum 3. November m\u00f6glich und pro Mobiltelefonnummer ist eine einzige Stimme m\u00f6glich. Um die Publikumswahl zu erleichtern, sind drei Videoclips online, in denen die drei jungen Unternehmen ihre Innovationen vorstellen. Ausserdem werden unter allen Teilnehmenden der Publikumswahl attraktive Preise der Freiburger Kantonalbank verlost, darunter 1\u2019000 Franken in bar. Die Video-Portraits der Start-up-Finalisten und alle Infos zur Wahl finden Sie unter <a href=\"https:\/\/voting.prixiff.ch\/de\">https:\/\/voting.prixiff.ch\/de<\/a><\/p>\n","protected":false},"excerpt":{"rendered":"<p>Heute hat Jurypr\u00e4sident Olivier Curty die neun Finalisten des IFF-Preises (Innovation Fribourg Freiburg) vorgestellt. Die drei Gewinner werden an der Preisverleihung vom 6. November bekannt gegeben. F\u00fcr den IFF-Preis Start-up startet heute die Publikumswahl: jede und jeder kann seinem bevorzugten Jungunternehmen seine Stimme geben. Die&#8230;<\/p>\n","protected":false},"author":6,"featured_media":20931,"comment_status":"closed","ping_status":"open","sticky":false,"template":"","format":"standard","meta":{"footnotes":""},"categories":[83],"tags":[],"class_list":["post-20926","post","type-post","status-publish","format-standard","has-post-thumbnail","hentry","category-news-de"],"yoast_head":"<!-- This site is optimized with the Yoast SEO plugin v26.9 - https:\/\/yoast.com\/product\/yoast-seo-wordpress\/ -->\n<title>Der Staat Freiburg und die FKB enth\u00fcllen die neun Finalisten des IFF-Preises - Wirtschaftsf\u00f6rderung WIF<\/title>\n<meta name=\"robots\" content=\"index, follow, max-snippet:-1, max-image-preview:large, max-video-preview:-1\" \/>\n<link rel=\"canonical\" href=\"https:\/\/www.promfr.ch\/de\/2024\/10\/02\/dies-sind-die-neun-finalisten-des-innovationspreises-des-kantons-freiburg-2\/\" \/>\n<meta property=\"og:locale\" content=\"de_DE\" \/>\n<meta property=\"og:type\" content=\"article\" \/>\n<meta property=\"og:title\" content=\"Der Staat Freiburg und die FKB enth\u00fcllen die neun Finalisten des IFF-Preises - Wirtschaftsf\u00f6rderung WIF\" \/>\n<meta property=\"og:description\" content=\"Heute hat Jurypr\u00e4sident Olivier Curty die neun Finalisten des IFF-Preises (Innovation Fribourg Freiburg) vorgestellt. Die drei Gewinner werden an der Preisverleihung vom 6. November bekannt gegeben. F\u00fcr den IFF-Preis Start-up startet heute die Publikumswahl: jede und jeder kann seinem bevorzugten Jungunternehmen seine Stimme geben. Die...\" \/>\n<meta property=\"og:url\" content=\"https:\/\/www.promfr.ch\/de\/2024\/10\/02\/dies-sind-die-neun-finalisten-des-innovationspreises-des-kantons-freiburg-2\/\" \/>\n<meta property=\"og:site_name\" content=\"Wirtschaftsf\u00f6rderung WIF\" \/>\n<meta property=\"article:published_time\" content=\"2024-10-02T09:30:55+00:00\" \/>\n<meta property=\"article:modified_time\" content=\"2024-10-02T10:43:14+00:00\" \/>\n<meta property=\"og:image\" content=\"https:\/\/www.promfr.ch\/wp-content\/uploads\/2024\/10\/stemutz_photo_prix_iff_2024_finalistes_2024_3600px-6083-2-scaled.jpg\" \/>\n\t<meta property=\"og:image:width\" content=\"2560\" \/>\n\t<meta property=\"og:image:height\" content=\"1368\" \/>\n\t<meta property=\"og:image:type\" content=\"image\/jpeg\" \/>\n<meta name=\"author\" content=\"Promotion Economique FR\" \/>\n<meta name=\"twitter:card\" content=\"summary_large_image\" \/>\n<meta name=\"twitter:creator\" content=\"@promfr\" \/>\n<meta name=\"twitter:site\" content=\"@promfr\" \/>\n<script type=\"application\/ld+json\" class=\"yoast-schema-graph\">{\"@context\":\"https:\/\/schema.org\",\"@graph\":[{\"@type\":\"Article\",\"@id\":\"https:\/\/www.promfr.ch\/de\/2024\/10\/02\/dies-sind-die-neun-finalisten-des-innovationspreises-des-kantons-freiburg-2\/#article\",\"isPartOf\":{\"@id\":\"https:\/\/www.promfr.ch\/de\/2024\/10\/02\/dies-sind-die-neun-finalisten-des-innovationspreises-des-kantons-freiburg-2\/\"},\"author\":{\"name\":\"Promotion Economique FR\",\"@id\":\"https:\/\/www.promfr.ch\/#\/schema\/person\/d3981670f940a863b20ad19bce28c5dc\"},\"headline\":\"Der Staat Freiburg und die FKB enth\u00fcllen die neun Finalisten des IFF-Preises\",\"datePublished\":\"2024-10-02T09:30:55+00:00\",\"dateModified\":\"2024-10-02T10:43:14+00:00\",\"mainEntityOfPage\":{\"@id\":\"https:\/\/www.promfr.ch\/de\/2024\/10\/02\/dies-sind-die-neun-finalisten-des-innovationspreises-des-kantons-freiburg-2\/\"},\"wordCount\":1282,\"publisher\":{\"@id\":\"https:\/\/www.promfr.ch\/#organization\"},\"image\":{\"@id\":\"https:\/\/www.promfr.ch\/de\/2024\/10\/02\/dies-sind-die-neun-finalisten-des-innovationspreises-des-kantons-freiburg-2\/#primaryimage\"},\"thumbnailUrl\":\"https:\/\/www.promfr.ch\/wp-content\/uploads\/2024\/10\/stemutz_photo_prix_iff_2024_finalistes_2024_3600px-6083-2-scaled.jpg\",\"articleSection\":[\"News\"],\"inLanguage\":\"de\"},{\"@type\":\"WebPage\",\"@id\":\"https:\/\/www.promfr.ch\/de\/2024\/10\/02\/dies-sind-die-neun-finalisten-des-innovationspreises-des-kantons-freiburg-2\/\",\"url\":\"https:\/\/www.promfr.ch\/de\/2024\/10\/02\/dies-sind-die-neun-finalisten-des-innovationspreises-des-kantons-freiburg-2\/\",\"name\":\"Der Staat Freiburg und die FKB enth\u00fcllen die neun Finalisten des IFF-Preises - Wirtschaftsf\u00f6rderung WIF\",\"isPartOf\":{\"@id\":\"https:\/\/www.promfr.ch\/#website\"},\"primaryImageOfPage\":{\"@id\":\"https:\/\/www.promfr.ch\/de\/2024\/10\/02\/dies-sind-die-neun-finalisten-des-innovationspreises-des-kantons-freiburg-2\/#primaryimage\"},\"image\":{\"@id\":\"https:\/\/www.promfr.ch\/de\/2024\/10\/02\/dies-sind-die-neun-finalisten-des-innovationspreises-des-kantons-freiburg-2\/#primaryimage\"},\"thumbnailUrl\":\"https:\/\/www.promfr.ch\/wp-content\/uploads\/2024\/10\/stemutz_photo_prix_iff_2024_finalistes_2024_3600px-6083-2-scaled.jpg\",\"datePublished\":\"2024-10-02T09:30:55+00:00\",\"dateModified\":\"2024-10-02T10:43:14+00:00\",\"breadcrumb\":{\"@id\":\"https:\/\/www.promfr.ch\/de\/2024\/10\/02\/dies-sind-die-neun-finalisten-des-innovationspreises-des-kantons-freiburg-2\/#breadcrumb\"},\"inLanguage\":\"de\",\"potentialAction\":[{\"@type\":\"ReadAction\",\"target\":[\"https:\/\/www.promfr.ch\/de\/2024\/10\/02\/dies-sind-die-neun-finalisten-des-innovationspreises-des-kantons-freiburg-2\/\"]}]},{\"@type\":\"ImageObject\",\"inLanguage\":\"de\",\"@id\":\"https:\/\/www.promfr.ch\/de\/2024\/10\/02\/dies-sind-die-neun-finalisten-des-innovationspreises-des-kantons-freiburg-2\/#primaryimage\",\"url\":\"https:\/\/www.promfr.ch\/wp-content\/uploads\/2024\/10\/stemutz_photo_prix_iff_2024_finalistes_2024_3600px-6083-2-scaled.jpg\",\"contentUrl\":\"https:\/\/www.promfr.ch\/wp-content\/uploads\/2024\/10\/stemutz_photo_prix_iff_2024_finalistes_2024_3600px-6083-2-scaled.jpg\",\"width\":2560,\"height\":1368,\"caption\":\"\u00a9 St\u00e9phane Schmutz \/ STEMUTZ.COM\"},{\"@type\":\"BreadcrumbList\",\"@id\":\"https:\/\/www.promfr.ch\/de\/2024\/10\/02\/dies-sind-die-neun-finalisten-des-innovationspreises-des-kantons-freiburg-2\/#breadcrumb\",\"itemListElement\":[{\"@type\":\"ListItem\",\"position\":1,\"name\":\"Accueil\",\"item\":\"https:\/\/www.promfr.ch\/de\/\"},{\"@type\":\"ListItem\",\"position\":2,\"name\":\"Der Staat Freiburg und die FKB enth\u00fcllen die neun Finalisten des IFF-Preises\"}]},{\"@type\":\"WebSite\",\"@id\":\"https:\/\/www.promfr.ch\/#website\",\"url\":\"https:\/\/www.promfr.ch\/\",\"name\":\"Promotion \u00e9conomique du canton de Fribourg (PromFR)\",\"description\":\"FRIBOURG, THE PLACE TO GROW!\",\"publisher\":{\"@id\":\"https:\/\/www.promfr.ch\/#organization\"},\"alternateName\":\"Wirtschaftsf\u00f6rderung Kanton Freiburg (WIF)\",\"potentialAction\":[{\"@type\":\"SearchAction\",\"target\":{\"@type\":\"EntryPoint\",\"urlTemplate\":\"https:\/\/www.promfr.ch\/?s={search_term_string}\"},\"query-input\":{\"@type\":\"PropertyValueSpecification\",\"valueRequired\":true,\"valueName\":\"search_term_string\"}}],\"inLanguage\":\"de\"},{\"@type\":\"Organization\",\"@id\":\"https:\/\/www.promfr.ch\/#organization\",\"name\":\"Promotion \u00e9conomique du canton de Fribourg (PromFR)\",\"alternateName\":\"Wirtschaftsf\u00f6rderung Kanton Freiburg (WIF)\",\"url\":\"https:\/\/www.promfr.ch\/\",\"logo\":{\"@type\":\"ImageObject\",\"inLanguage\":\"de\",\"@id\":\"https:\/\/www.promfr.ch\/#\/schema\/logo\/image\/\",\"url\":\"https:\/\/www.promfr.ch\/wp-content\/uploads\/2017\/07\/promotion-economique-fribourg-logo.png\",\"contentUrl\":\"https:\/\/www.promfr.ch\/wp-content\/uploads\/2017\/07\/promotion-economique-fribourg-logo.png\",\"width\":515,\"height\":156,\"caption\":\"Promotion \u00e9conomique du canton de Fribourg (PromFR)\"},\"image\":{\"@id\":\"https:\/\/www.promfr.ch\/#\/schema\/logo\/image\/\"},\"sameAs\":[\"https:\/\/x.com\/promfr\",\"https:\/\/www.linkedin.com\/company\/promfr\",\"https:\/\/www.youtube.com\/user\/promfr\"]},{\"@type\":\"Person\",\"@id\":\"https:\/\/www.promfr.ch\/#\/schema\/person\/d3981670f940a863b20ad19bce28c5dc\",\"name\":\"Promotion Economique FR\",\"image\":{\"@type\":\"ImageObject\",\"inLanguage\":\"de\",\"@id\":\"https:\/\/www.promfr.ch\/#\/schema\/person\/image\/\",\"url\":\"https:\/\/secure.gravatar.com\/avatar\/ded1fd2654a7e1976070d6160e36a98152e8699272412bacd0cb766f1beb5924?s=96&d=mm&r=g\",\"contentUrl\":\"https:\/\/secure.gravatar.com\/avatar\/ded1fd2654a7e1976070d6160e36a98152e8699272412bacd0cb766f1beb5924?s=96&d=mm&r=g\",\"caption\":\"Promotion Economique FR\"},\"sameAs\":[\"http:\/\/www.promfr.ch\"],\"url\":\"https:\/\/www.promfr.ch\/de\/author\/promfr\/\"}]}<\/script>\n<!-- \/ Yoast SEO plugin. -->","yoast_head_json":{"title":"Der Staat Freiburg und die FKB enth\u00fcllen die neun Finalisten des IFF-Preises - Wirtschaftsf\u00f6rderung WIF","robots":{"index":"index","follow":"follow","max-snippet":"max-snippet:-1","max-image-preview":"max-image-preview:large","max-video-preview":"max-video-preview:-1"},"canonical":"https:\/\/www.promfr.ch\/de\/2024\/10\/02\/dies-sind-die-neun-finalisten-des-innovationspreises-des-kantons-freiburg-2\/","og_locale":"de_DE","og_type":"article","og_title":"Der Staat Freiburg und die FKB enth\u00fcllen die neun Finalisten des IFF-Preises - Wirtschaftsf\u00f6rderung WIF","og_description":"Heute hat Jurypr\u00e4sident Olivier Curty die neun Finalisten des IFF-Preises (Innovation Fribourg Freiburg) vorgestellt. Die drei Gewinner werden an der Preisverleihung vom 6. November bekannt gegeben. F\u00fcr den IFF-Preis Start-up startet heute die Publikumswahl: jede und jeder kann seinem bevorzugten Jungunternehmen seine Stimme geben. Die...","og_url":"https:\/\/www.promfr.ch\/de\/2024\/10\/02\/dies-sind-die-neun-finalisten-des-innovationspreises-des-kantons-freiburg-2\/","og_site_name":"Wirtschaftsf\u00f6rderung WIF","article_published_time":"2024-10-02T09:30:55+00:00","article_modified_time":"2024-10-02T10:43:14+00:00","og_image":[{"width":2560,"height":1368,"url":"https:\/\/www.promfr.ch\/wp-content\/uploads\/2024\/10\/stemutz_photo_prix_iff_2024_finalistes_2024_3600px-6083-2-scaled.jpg","type":"image\/jpeg"}],"author":"Promotion Economique FR","twitter_card":"summary_large_image","twitter_creator":"@promfr","twitter_site":"@promfr","schema":{"@context":"https:\/\/schema.org","@graph":[{"@type":"Article","@id":"https:\/\/www.promfr.ch\/de\/2024\/10\/02\/dies-sind-die-neun-finalisten-des-innovationspreises-des-kantons-freiburg-2\/#article","isPartOf":{"@id":"https:\/\/www.promfr.ch\/de\/2024\/10\/02\/dies-sind-die-neun-finalisten-des-innovationspreises-des-kantons-freiburg-2\/"},"author":{"name":"Promotion Economique FR","@id":"https:\/\/www.promfr.ch\/#\/schema\/person\/d3981670f940a863b20ad19bce28c5dc"},"headline":"Der Staat Freiburg und die FKB enth\u00fcllen die neun Finalisten des IFF-Preises","datePublished":"2024-10-02T09:30:55+00:00","dateModified":"2024-10-02T10:43:14+00:00","mainEntityOfPage":{"@id":"https:\/\/www.promfr.ch\/de\/2024\/10\/02\/dies-sind-die-neun-finalisten-des-innovationspreises-des-kantons-freiburg-2\/"},"wordCount":1282,"publisher":{"@id":"https:\/\/www.promfr.ch\/#organization"},"image":{"@id":"https:\/\/www.promfr.ch\/de\/2024\/10\/02\/dies-sind-die-neun-finalisten-des-innovationspreises-des-kantons-freiburg-2\/#primaryimage"},"thumbnailUrl":"https:\/\/www.promfr.ch\/wp-content\/uploads\/2024\/10\/stemutz_photo_prix_iff_2024_finalistes_2024_3600px-6083-2-scaled.jpg","articleSection":["News"],"inLanguage":"de"},{"@type":"WebPage","@id":"https:\/\/www.promfr.ch\/de\/2024\/10\/02\/dies-sind-die-neun-finalisten-des-innovationspreises-des-kantons-freiburg-2\/","url":"https:\/\/www.promfr.ch\/de\/2024\/10\/02\/dies-sind-die-neun-finalisten-des-innovationspreises-des-kantons-freiburg-2\/","name":"Der Staat Freiburg und die FKB enth\u00fcllen die neun Finalisten des IFF-Preises - Wirtschaftsf\u00f6rderung WIF","isPartOf":{"@id":"https:\/\/www.promfr.ch\/#website"},"primaryImageOfPage":{"@id":"https:\/\/www.promfr.ch\/de\/2024\/10\/02\/dies-sind-die-neun-finalisten-des-innovationspreises-des-kantons-freiburg-2\/#primaryimage"},"image":{"@id":"https:\/\/www.promfr.ch\/de\/2024\/10\/02\/dies-sind-die-neun-finalisten-des-innovationspreises-des-kantons-freiburg-2\/#primaryimage"},"thumbnailUrl":"https:\/\/www.promfr.ch\/wp-content\/uploads\/2024\/10\/stemutz_photo_prix_iff_2024_finalistes_2024_3600px-6083-2-scaled.jpg","datePublished":"2024-10-02T09:30:55+00:00","dateModified":"2024-10-02T10:43:14+00:00","breadcrumb":{"@id":"https:\/\/www.promfr.ch\/de\/2024\/10\/02\/dies-sind-die-neun-finalisten-des-innovationspreises-des-kantons-freiburg-2\/#breadcrumb"},"inLanguage":"de","potentialAction":[{"@type":"ReadAction","target":["https:\/\/www.promfr.ch\/de\/2024\/10\/02\/dies-sind-die-neun-finalisten-des-innovationspreises-des-kantons-freiburg-2\/"]}]},{"@type":"ImageObject","inLanguage":"de","@id":"https:\/\/www.promfr.ch\/de\/2024\/10\/02\/dies-sind-die-neun-finalisten-des-innovationspreises-des-kantons-freiburg-2\/#primaryimage","url":"https:\/\/www.promfr.ch\/wp-content\/uploads\/2024\/10\/stemutz_photo_prix_iff_2024_finalistes_2024_3600px-6083-2-scaled.jpg","contentUrl":"https:\/\/www.promfr.ch\/wp-content\/uploads\/2024\/10\/stemutz_photo_prix_iff_2024_finalistes_2024_3600px-6083-2-scaled.jpg","width":2560,"height":1368,"caption":"\u00a9 St\u00e9phane Schmutz \/ STEMUTZ.COM"},{"@type":"BreadcrumbList","@id":"https:\/\/www.promfr.ch\/de\/2024\/10\/02\/dies-sind-die-neun-finalisten-des-innovationspreises-des-kantons-freiburg-2\/#breadcrumb","itemListElement":[{"@type":"ListItem","position":1,"name":"Accueil","item":"https:\/\/www.promfr.ch\/de\/"},{"@type":"ListItem","position":2,"name":"Der Staat Freiburg und die FKB enth\u00fcllen die neun Finalisten des IFF-Preises"}]},{"@type":"WebSite","@id":"https:\/\/www.promfr.ch\/#website","url":"https:\/\/www.promfr.ch\/","name":"Promotion \u00e9conomique du canton de Fribourg (PromFR)","description":"FRIBOURG, THE PLACE TO GROW!","publisher":{"@id":"https:\/\/www.promfr.ch\/#organization"},"alternateName":"Wirtschaftsf\u00f6rderung Kanton Freiburg (WIF)","potentialAction":[{"@type":"SearchAction","target":{"@type":"EntryPoint","urlTemplate":"https:\/\/www.promfr.ch\/?s={search_term_string}"},"query-input":{"@type":"PropertyValueSpecification","valueRequired":true,"valueName":"search_term_string"}}],"inLanguage":"de"},{"@type":"Organization","@id":"https:\/\/www.promfr.ch\/#organization","name":"Promotion \u00e9conomique du canton de Fribourg (PromFR)","alternateName":"Wirtschaftsf\u00f6rderung Kanton Freiburg (WIF)","url":"https:\/\/www.promfr.ch\/","logo":{"@type":"ImageObject","inLanguage":"de","@id":"https:\/\/www.promfr.ch\/#\/schema\/logo\/image\/","url":"https:\/\/www.promfr.ch\/wp-content\/uploads\/2017\/07\/promotion-economique-fribourg-logo.png","contentUrl":"https:\/\/www.promfr.ch\/wp-content\/uploads\/2017\/07\/promotion-economique-fribourg-logo.png","width":515,"height":156,"caption":"Promotion \u00e9conomique du canton de Fribourg (PromFR)"},"image":{"@id":"https:\/\/www.promfr.ch\/#\/schema\/logo\/image\/"},"sameAs":["https:\/\/x.com\/promfr","https:\/\/www.linkedin.com\/company\/promfr","https:\/\/www.youtube.com\/user\/promfr"]},{"@type":"Person","@id":"https:\/\/www.promfr.ch\/#\/schema\/person\/d3981670f940a863b20ad19bce28c5dc","name":"Promotion Economique FR","image":{"@type":"ImageObject","inLanguage":"de","@id":"https:\/\/www.promfr.ch\/#\/schema\/person\/image\/","url":"https:\/\/secure.gravatar.com\/avatar\/ded1fd2654a7e1976070d6160e36a98152e8699272412bacd0cb766f1beb5924?s=96&d=mm&r=g","contentUrl":"https:\/\/secure.gravatar.com\/avatar\/ded1fd2654a7e1976070d6160e36a98152e8699272412bacd0cb766f1beb5924?s=96&d=mm&r=g","caption":"Promotion Economique FR"},"sameAs":["http:\/\/www.promfr.ch"],"url":"https:\/\/www.promfr.ch\/de\/author\/promfr\/"}]}},"_links":{"self":[{"href":"https:\/\/www.promfr.ch\/de\/wp-json\/wp\/v2\/posts\/20926","targetHints":{"allow":["GET"]}}],"collection":[{"href":"https:\/\/www.promfr.ch\/de\/wp-json\/wp\/v2\/posts"}],"about":[{"href":"https:\/\/www.promfr.ch\/de\/wp-json\/wp\/v2\/types\/post"}],"author":[{"embeddable":true,"href":"https:\/\/www.promfr.ch\/de\/wp-json\/wp\/v2\/users\/6"}],"replies":[{"embeddable":true,"href":"https:\/\/www.promfr.ch\/de\/wp-json\/wp\/v2\/comments?post=20926"}],"version-history":[{"count":2,"href":"https:\/\/www.promfr.ch\/de\/wp-json\/wp\/v2\/posts\/20926\/revisions"}],"predecessor-version":[{"id":20933,"href":"https:\/\/www.promfr.ch\/de\/wp-json\/wp\/v2\/posts\/20926\/revisions\/20933"}],"wp:featuredmedia":[{"embeddable":true,"href":"https:\/\/www.promfr.ch\/de\/wp-json\/wp\/v2\/media\/20931"}],"wp:attachment":[{"href":"https:\/\/www.promfr.ch\/de\/wp-json\/wp\/v2\/media?parent=20926"}],"wp:term":[{"taxonomy":"category","embeddable":true,"href":"https:\/\/www.promfr.ch\/de\/wp-json\/wp\/v2\/categories?post=20926"},{"taxonomy":"post_tag","embeddable":true,"href":"https:\/\/www.promfr.ch\/de\/wp-json\/wp\/v2\/tags?post=20926"}],"curies":[{"name":"wp","href":"https:\/\/api.w.org\/{rel}","templated":true}]}}