{"id":20944,"date":"2024-10-11T10:00:04","date_gmt":"2024-10-11T08:00:04","guid":{"rendered":"https:\/\/www.promfr.ch\/?p=20944"},"modified":"2024-10-16T13:12:12","modified_gmt":"2024-10-16T11:12:12","slug":"freiburg-oeffnet-sich-dem-kreislauf-der-biowirtschaft","status":"publish","type":"post","link":"https:\/\/www.promfr.ch\/de\/2024\/10\/11\/freiburg-oeffnet-sich-dem-kreislauf-der-biowirtschaft\/","title":{"rendered":"Freiburg \u00f6ffnet sich dem Kreislauf der Biowirtschaft"},"content":{"rendered":"<p><em>Zweihundert Pers\u00f6nlichkeiten aus der Schweiz, Frankreich und Deutschland haben am 10. Oktober 2024 am <\/em>Bioeconomy Forum<em> in Freiburg teilgenommen. Die Veranstaltung hat das grosse Potenzial dieses Wertsch\u00f6pfungssektors aufgezeigt und die Rahmenbedingungen hervorgehoben, die der Kanton der Branche bereits heute zur Verf\u00fcgung stellt. In Freiburg arbeiten Hochschulen, Institute, Cluster und Wirtschaftszweige derzeit an Synergien an der Schnittstelle zwischen Wirtschaft und Biomasseverwertung.<\/em><\/p>\n<p>Am 10. Oktober 2024 stand Freiburg ganz im Zeichen der Biowirtschaft. Das <em>Bioeconomy Forum, <\/em>organisiert durch die Wirtschaftsf\u00f6rderung Kanton Freiburg (WIF), hat \u00fcber zweihundert Pers\u00f6nlichkeiten aus allen Landesteilen der Schweiz und aus den Nachbarl\u00e4ndern im Geb\u00e4ude B der bluefactory in Freiburg versammelt. Im Laufe eines Nachmittags hat die Veranstaltung den Besucherinnen und Besuchern einen einzigartigen Einblick in die Wertsch\u00f6pfung des Sektors geboten; in der Biowirtschaft l\u00e4sst sich alles umwandeln und nichts geht verloren. Das <em>Bioeconomy Forum<\/em> hat ausserdem das Potenzial der Freiburger Wirtschaftsstruktur in diesem Bereich aufgezeigt. Diese geh\u00f6rt zu den wichtigsten Achsen der Entwicklungs- und Wirtschaftsf\u00f6rderungsstrategie des Kantons.<\/p>\n<p><strong>\u00d6kosystem besteht bereits<\/strong><\/p>\n<p>Im Mittelpunkt des Programms standen zwei Tagungsbeitr\u00e4ge, die der Biomasse und der Entwicklung von Produkten mit hoher Wertsch\u00f6pfung gewidmet waren. Die Teilnehmenden konnten Projektverantwortliche kennenlernen, die sich mit der Verwertung von Molke f\u00fcr Sportlernahrung, der Entwicklung von Biotechnologien oder mit neuen bio-inspirierten Materialien besch\u00e4ftigen. Dieses Eintauchen in die Praxis hat es den Besucherinnen und Besuchern erm\u00f6glicht, das im Kanton bereits bestehende \u00d6kosystem kennenzulernen, in welchem Hochschulen, Institute, Cluster und Wirtschaftszweige Synergien an der Schnittstelle zwischen Wirtschaft und Biomasseverwertung schaffen. Ziel ist es, die Aktivit\u00e4ten und Netzwerke in den kommenden Jahren f\u00fcr interessierte Personen, Unternehmen und Institutionen weiter zu \u00f6ffnen, insbesondere durch die Aktivit\u00e4ten des Clusters \u00abFood and Nutrition\u00bb sowie des \u00abSwiss Plastics Clusters\u00bb.<\/p>\n<p><strong>Publikum aus der gesamten Schweiz und den Nachbarl\u00e4ndern<\/strong><\/p>\n<p>Das <em>Bioeconomy Forum<\/em> hat Menschen aus der gesamten Schweiz, Frankreich und Deutschland nach Freiburg gelockt: Unternehmensleiterinnen und Unternehmensleiter, F&amp;E-Verantwortliche sowie Innovationsakteurinnen und -akteure konnten dank der in der Schweiz einzigartigen Veranstaltung ihr Netzwerk ausbauen und ihre Kenntnisse \u00fcber den Kanton Freiburg erweitern. Auch eine Delegation der franz\u00f6sischen Region Grand-Est, die ebenfalls in der Biowirtschaft t\u00e4tig ist, reiste im Rahmen einer Partnerschaft, die die Region und Freiburg seit \u00fcber zehn Jahren verbindet, nach Freiburg.<\/p>\n<p><strong>Der \u00abClub de Paris\u00bb in Freiburg<\/strong><\/p>\n<p>Das <em>Bioeconomy Forum<\/em> hat am 10. Oktober 2024 auch rund 50 Mitglieder des \u00abClub de Paris der Innovationsdirektorinnen und Innovationsdirektoren\u00bb empfangen. Die franz\u00f6sische Vereinigung verbindet franz\u00f6sische Staatseinrichtungen, Innovationsverantwortliche von rund hundert innovativen Unternehmen, die an der Pariser B\u00f6rse kotiert sind, sowie Institutionen zur F\u00f6rderung von Forschung und Innovation. Sie hat zum Ziel, jene Innovationsentwicklungen zu f\u00f6rdern, die den durch gesellschaftliche Entwicklungen entstandenen Bed\u00fcrfnissen gerecht werden.<\/p>\n<p>Photos: \u00a9 St\u00e9phane Schmutz \/ STEMUTZ.COM<\/p>\n\n\t\t<style type=\"text\/css\">\n\t\t\t#gallery-1 {\n\t\t\t\tmargin: auto;\n\t\t\t}\n\t\t\t#gallery-1 .gallery-item {\n\t\t\t\tfloat: left;\n\t\t\t\tmargin-top: 10px;\n\t\t\t\ttext-align: center;\n\t\t\t\twidth: 25%;\n\t\t\t}\n\t\t\t#gallery-1 img {\n\t\t\t\tborder: 2px solid #cfcfcf;\n\t\t\t}\n\t\t\t#gallery-1 .gallery-caption {\n\t\t\t\tmargin-left: 0;\n\t\t\t}\n\t\t\t\/* see gallery_shortcode() in wp-includes\/media.php *\/\n\t\t<\/style>\n\t\t<div id='gallery-1' class='gallery galleryid-20944 gallery-columns-4 gallery-size-thumbnail'><dl class='gallery-item'>\n\t\t\t<dt class='gallery-icon landscape'>\n\t\t\t\t<a href='https:\/\/www.promfr.ch\/wp-content\/uploads\/2024\/10\/stemutz_photo_promfr_bioeconomic_forum_2024_3600px-7I3A1320-scaled.jpg'><img loading=\"lazy\" decoding=\"async\" width=\"150\" height=\"150\" src=\"https:\/\/www.promfr.ch\/wp-content\/uploads\/2024\/10\/stemutz_photo_promfr_bioeconomic_forum_2024_3600px-7I3A1320-150x150.jpg\" class=\"attachment-thumbnail size-thumbnail\" alt=\"\" srcset=\"https:\/\/www.promfr.ch\/wp-content\/uploads\/2024\/10\/stemutz_photo_promfr_bioeconomic_forum_2024_3600px-7I3A1320-150x150.jpg 150w, https:\/\/www.promfr.ch\/wp-content\/uploads\/2024\/10\/stemutz_photo_promfr_bioeconomic_forum_2024_3600px-7I3A1320-650x650.jpg 650w, https:\/\/www.promfr.ch\/wp-content\/uploads\/2024\/10\/stemutz_photo_promfr_bioeconomic_forum_2024_3600px-7I3A1320-1125x1125.jpg 1125w\" sizes=\"auto, (max-width: 150px) 100vw, 150px\" \/><\/a>\n\t\t\t<\/dt><\/dl><dl class='gallery-item'>\n\t\t\t<dt class='gallery-icon landscape'>\n\t\t\t\t<a href='https:\/\/www.promfr.ch\/wp-content\/uploads\/2024\/10\/stemutz_photo_promfr_bioeconomic_forum_2024_3600px-7I3A0782-scaled.jpg'><img loading=\"lazy\" decoding=\"async\" width=\"150\" height=\"150\" src=\"https:\/\/www.promfr.ch\/wp-content\/uploads\/2024\/10\/stemutz_photo_promfr_bioeconomic_forum_2024_3600px-7I3A0782-150x150.jpg\" class=\"attachment-thumbnail size-thumbnail\" alt=\"\" srcset=\"https:\/\/www.promfr.ch\/wp-content\/uploads\/2024\/10\/stemutz_photo_promfr_bioeconomic_forum_2024_3600px-7I3A0782-150x150.jpg 150w, https:\/\/www.promfr.ch\/wp-content\/uploads\/2024\/10\/stemutz_photo_promfr_bioeconomic_forum_2024_3600px-7I3A0782-650x650.jpg 650w, https:\/\/www.promfr.ch\/wp-content\/uploads\/2024\/10\/stemutz_photo_promfr_bioeconomic_forum_2024_3600px-7I3A0782-1125x1125.jpg 1125w\" sizes=\"auto, (max-width: 150px) 100vw, 150px\" \/><\/a>\n\t\t\t<\/dt><\/dl><dl class='gallery-item'>\n\t\t\t<dt class='gallery-icon landscape'>\n\t\t\t\t<a href='https:\/\/www.promfr.ch\/wp-content\/uploads\/2024\/10\/stemutz_photo_promfr_bioeconomic_forum_2024_3600px-7I3A1517-1-scaled.jpg'><img loading=\"lazy\" decoding=\"async\" width=\"150\" height=\"150\" src=\"https:\/\/www.promfr.ch\/wp-content\/uploads\/2024\/10\/stemutz_photo_promfr_bioeconomic_forum_2024_3600px-7I3A1517-1-150x150.jpg\" class=\"attachment-thumbnail size-thumbnail\" alt=\"\" srcset=\"https:\/\/www.promfr.ch\/wp-content\/uploads\/2024\/10\/stemutz_photo_promfr_bioeconomic_forum_2024_3600px-7I3A1517-1-150x150.jpg 150w, https:\/\/www.promfr.ch\/wp-content\/uploads\/2024\/10\/stemutz_photo_promfr_bioeconomic_forum_2024_3600px-7I3A1517-1-650x650.jpg 650w, https:\/\/www.promfr.ch\/wp-content\/uploads\/2024\/10\/stemutz_photo_promfr_bioeconomic_forum_2024_3600px-7I3A1517-1-1125x1125.jpg 1125w\" sizes=\"auto, (max-width: 150px) 100vw, 150px\" \/><\/a>\n\t\t\t<\/dt><\/dl><dl class='gallery-item'>\n\t\t\t<dt class='gallery-icon landscape'>\n\t\t\t\t<a href='https:\/\/www.promfr.ch\/wp-content\/uploads\/2024\/10\/stemutz_photo_promfr_bioeconomic_forum_2024_3600px-7I3A1113-1-scaled.jpg'><img loading=\"lazy\" decoding=\"async\" width=\"150\" height=\"150\" src=\"https:\/\/www.promfr.ch\/wp-content\/uploads\/2024\/10\/stemutz_photo_promfr_bioeconomic_forum_2024_3600px-7I3A1113-1-150x150.jpg\" class=\"attachment-thumbnail size-thumbnail\" alt=\"\" srcset=\"https:\/\/www.promfr.ch\/wp-content\/uploads\/2024\/10\/stemutz_photo_promfr_bioeconomic_forum_2024_3600px-7I3A1113-1-150x150.jpg 150w, https:\/\/www.promfr.ch\/wp-content\/uploads\/2024\/10\/stemutz_photo_promfr_bioeconomic_forum_2024_3600px-7I3A1113-1-650x650.jpg 650w, https:\/\/www.promfr.ch\/wp-content\/uploads\/2024\/10\/stemutz_photo_promfr_bioeconomic_forum_2024_3600px-7I3A1113-1-1125x1125.jpg 1125w\" sizes=\"auto, (max-width: 150px) 100vw, 150px\" \/><\/a>\n\t\t\t<\/dt><\/dl><br style=\"clear: both\" \/><dl class='gallery-item'>\n\t\t\t<dt class='gallery-icon landscape'>\n\t\t\t\t<a href='https:\/\/www.promfr.ch\/wp-content\/uploads\/2024\/10\/stemutz_photo_promfr_bioeconomic_forum_2024_3600px-7I3A1387-scaled.jpg'><img loading=\"lazy\" decoding=\"async\" width=\"150\" height=\"150\" src=\"https:\/\/www.promfr.ch\/wp-content\/uploads\/2024\/10\/stemutz_photo_promfr_bioeconomic_forum_2024_3600px-7I3A1387-150x150.jpg\" class=\"attachment-thumbnail size-thumbnail\" alt=\"\" srcset=\"https:\/\/www.promfr.ch\/wp-content\/uploads\/2024\/10\/stemutz_photo_promfr_bioeconomic_forum_2024_3600px-7I3A1387-150x150.jpg 150w, https:\/\/www.promfr.ch\/wp-content\/uploads\/2024\/10\/stemutz_photo_promfr_bioeconomic_forum_2024_3600px-7I3A1387-650x650.jpg 650w, https:\/\/www.promfr.ch\/wp-content\/uploads\/2024\/10\/stemutz_photo_promfr_bioeconomic_forum_2024_3600px-7I3A1387-1125x1125.jpg 1125w\" sizes=\"auto, (max-width: 150px) 100vw, 150px\" \/><\/a>\n\t\t\t<\/dt><\/dl><dl class='gallery-item'>\n\t\t\t<dt class='gallery-icon landscape'>\n\t\t\t\t<a href='https:\/\/www.promfr.ch\/wp-content\/uploads\/2024\/10\/stemutz_photo_promfr_bioeconomic_forum_2024_3600px-7I3A1464-1-scaled.jpg'><img loading=\"lazy\" decoding=\"async\" width=\"150\" height=\"150\" src=\"https:\/\/www.promfr.ch\/wp-content\/uploads\/2024\/10\/stemutz_photo_promfr_bioeconomic_forum_2024_3600px-7I3A1464-1-150x150.jpg\" class=\"attachment-thumbnail size-thumbnail\" alt=\"\" srcset=\"https:\/\/www.promfr.ch\/wp-content\/uploads\/2024\/10\/stemutz_photo_promfr_bioeconomic_forum_2024_3600px-7I3A1464-1-150x150.jpg 150w, https:\/\/www.promfr.ch\/wp-content\/uploads\/2024\/10\/stemutz_photo_promfr_bioeconomic_forum_2024_3600px-7I3A1464-1-650x650.jpg 650w, https:\/\/www.promfr.ch\/wp-content\/uploads\/2024\/10\/stemutz_photo_promfr_bioeconomic_forum_2024_3600px-7I3A1464-1-1125x1125.jpg 1125w\" sizes=\"auto, (max-width: 150px) 100vw, 150px\" \/><\/a>\n\t\t\t<\/dt><\/dl><dl class='gallery-item'>\n\t\t\t<dt class='gallery-icon landscape'>\n\t\t\t\t<a href='https:\/\/www.promfr.ch\/wp-content\/uploads\/2024\/10\/stemutz_photo_promfr_bioeconomic_forum_2024_3600px-7I3A1718-1-scaled.jpg'><img loading=\"lazy\" decoding=\"async\" width=\"150\" height=\"150\" src=\"https:\/\/www.promfr.ch\/wp-content\/uploads\/2024\/10\/stemutz_photo_promfr_bioeconomic_forum_2024_3600px-7I3A1718-1-150x150.jpg\" class=\"attachment-thumbnail size-thumbnail\" alt=\"\" srcset=\"https:\/\/www.promfr.ch\/wp-content\/uploads\/2024\/10\/stemutz_photo_promfr_bioeconomic_forum_2024_3600px-7I3A1718-1-150x150.jpg 150w, https:\/\/www.promfr.ch\/wp-content\/uploads\/2024\/10\/stemutz_photo_promfr_bioeconomic_forum_2024_3600px-7I3A1718-1-650x650.jpg 650w, https:\/\/www.promfr.ch\/wp-content\/uploads\/2024\/10\/stemutz_photo_promfr_bioeconomic_forum_2024_3600px-7I3A1718-1-1125x1125.jpg 1125w\" sizes=\"auto, (max-width: 150px) 100vw, 150px\" \/><\/a>\n\t\t\t<\/dt><\/dl><dl class='gallery-item'>\n\t\t\t<dt class='gallery-icon landscape'>\n\t\t\t\t<a href='https:\/\/www.promfr.ch\/wp-content\/uploads\/2024\/10\/stemutz_photo_promfr_bioeconomic_forum_2024_3600px-7I3A1192-scaled.jpg'><img loading=\"lazy\" decoding=\"async\" width=\"150\" height=\"150\" src=\"https:\/\/www.promfr.ch\/wp-content\/uploads\/2024\/10\/stemutz_photo_promfr_bioeconomic_forum_2024_3600px-7I3A1192-150x150.jpg\" class=\"attachment-thumbnail size-thumbnail\" alt=\"\" srcset=\"https:\/\/www.promfr.ch\/wp-content\/uploads\/2024\/10\/stemutz_photo_promfr_bioeconomic_forum_2024_3600px-7I3A1192-150x150.jpg 150w, https:\/\/www.promfr.ch\/wp-content\/uploads\/2024\/10\/stemutz_photo_promfr_bioeconomic_forum_2024_3600px-7I3A1192-650x650.jpg 650w, https:\/\/www.promfr.ch\/wp-content\/uploads\/2024\/10\/stemutz_photo_promfr_bioeconomic_forum_2024_3600px-7I3A1192-1125x1125.jpg 1125w\" sizes=\"auto, (max-width: 150px) 100vw, 150px\" \/><\/a>\n\t\t\t<\/dt><\/dl><br style=\"clear: both\" \/><dl class='gallery-item'>\n\t\t\t<dt class='gallery-icon landscape'>\n\t\t\t\t<a href='https:\/\/www.promfr.ch\/wp-content\/uploads\/2024\/10\/stemutz_photo_promfr_bioeconomic_forum_2024_3600px-7I3A1301-scaled.jpg'><img loading=\"lazy\" decoding=\"async\" width=\"150\" height=\"150\" src=\"https:\/\/www.promfr.ch\/wp-content\/uploads\/2024\/10\/stemutz_photo_promfr_bioeconomic_forum_2024_3600px-7I3A1301-150x150.jpg\" class=\"attachment-thumbnail size-thumbnail\" alt=\"\" srcset=\"https:\/\/www.promfr.ch\/wp-content\/uploads\/2024\/10\/stemutz_photo_promfr_bioeconomic_forum_2024_3600px-7I3A1301-150x150.jpg 150w, https:\/\/www.promfr.ch\/wp-content\/uploads\/2024\/10\/stemutz_photo_promfr_bioeconomic_forum_2024_3600px-7I3A1301-650x650.jpg 650w, https:\/\/www.promfr.ch\/wp-content\/uploads\/2024\/10\/stemutz_photo_promfr_bioeconomic_forum_2024_3600px-7I3A1301-1125x1125.jpg 1125w\" sizes=\"auto, (max-width: 150px) 100vw, 150px\" \/><\/a>\n\t\t\t<\/dt><\/dl><dl class='gallery-item'>\n\t\t\t<dt class='gallery-icon landscape'>\n\t\t\t\t<a href='https:\/\/www.promfr.ch\/wp-content\/uploads\/2024\/10\/stemutz_photo_promfr_bioeconomic_forum_2024_3600px-7I3A1640-scaled.jpg'><img loading=\"lazy\" decoding=\"async\" width=\"150\" height=\"150\" src=\"https:\/\/www.promfr.ch\/wp-content\/uploads\/2024\/10\/stemutz_photo_promfr_bioeconomic_forum_2024_3600px-7I3A1640-150x150.jpg\" class=\"attachment-thumbnail size-thumbnail\" alt=\"\" srcset=\"https:\/\/www.promfr.ch\/wp-content\/uploads\/2024\/10\/stemutz_photo_promfr_bioeconomic_forum_2024_3600px-7I3A1640-150x150.jpg 150w, https:\/\/www.promfr.ch\/wp-content\/uploads\/2024\/10\/stemutz_photo_promfr_bioeconomic_forum_2024_3600px-7I3A1640-650x650.jpg 650w, https:\/\/www.promfr.ch\/wp-content\/uploads\/2024\/10\/stemutz_photo_promfr_bioeconomic_forum_2024_3600px-7I3A1640-1125x1125.jpg 1125w\" sizes=\"auto, (max-width: 150px) 100vw, 150px\" \/><\/a>\n\t\t\t<\/dt><\/dl><dl class='gallery-item'>\n\t\t\t<dt class='gallery-icon landscape'>\n\t\t\t\t<a href='https:\/\/www.promfr.ch\/wp-content\/uploads\/2024\/10\/stemutz_photo_promfr_bioeconomic_forum_2024_3600px-7I3A1684-scaled.jpg'><img loading=\"lazy\" decoding=\"async\" width=\"150\" height=\"150\" src=\"https:\/\/www.promfr.ch\/wp-content\/uploads\/2024\/10\/stemutz_photo_promfr_bioeconomic_forum_2024_3600px-7I3A1684-150x150.jpg\" class=\"attachment-thumbnail size-thumbnail\" alt=\"\" srcset=\"https:\/\/www.promfr.ch\/wp-content\/uploads\/2024\/10\/stemutz_photo_promfr_bioeconomic_forum_2024_3600px-7I3A1684-150x150.jpg 150w, https:\/\/www.promfr.ch\/wp-content\/uploads\/2024\/10\/stemutz_photo_promfr_bioeconomic_forum_2024_3600px-7I3A1684-650x650.jpg 650w, https:\/\/www.promfr.ch\/wp-content\/uploads\/2024\/10\/stemutz_photo_promfr_bioeconomic_forum_2024_3600px-7I3A1684-1125x1125.jpg 1125w\" sizes=\"auto, (max-width: 150px) 100vw, 150px\" \/><\/a>\n\t\t\t<\/dt><\/dl><dl class='gallery-item'>\n\t\t\t<dt class='gallery-icon landscape'>\n\t\t\t\t<a href='https:\/\/www.promfr.ch\/wp-content\/uploads\/2024\/10\/stemutz_photo_promfr_bioeconomic_forum_2024_3600px-7I3A1146-scaled.jpg'><img loading=\"lazy\" decoding=\"async\" width=\"150\" height=\"150\" src=\"https:\/\/www.promfr.ch\/wp-content\/uploads\/2024\/10\/stemutz_photo_promfr_bioeconomic_forum_2024_3600px-7I3A1146-150x150.jpg\" class=\"attachment-thumbnail size-thumbnail\" alt=\"\" srcset=\"https:\/\/www.promfr.ch\/wp-content\/uploads\/2024\/10\/stemutz_photo_promfr_bioeconomic_forum_2024_3600px-7I3A1146-150x150.jpg 150w, https:\/\/www.promfr.ch\/wp-content\/uploads\/2024\/10\/stemutz_photo_promfr_bioeconomic_forum_2024_3600px-7I3A1146-650x650.jpg 650w, https:\/\/www.promfr.ch\/wp-content\/uploads\/2024\/10\/stemutz_photo_promfr_bioeconomic_forum_2024_3600px-7I3A1146-1125x1125.jpg 1125w\" sizes=\"auto, (max-width: 150px) 100vw, 150px\" \/><\/a>\n\t\t\t<\/dt><\/dl><br style=\"clear: both\" \/><dl class='gallery-item'>\n\t\t\t<dt class='gallery-icon landscape'>\n\t\t\t\t<a href='https:\/\/www.promfr.ch\/wp-content\/uploads\/2024\/10\/stemutz_photo_promfr_bioeconomic_forum_2024_3600px-7I3A1023-1-scaled.jpg'><img loading=\"lazy\" decoding=\"async\" width=\"150\" height=\"150\" src=\"https:\/\/www.promfr.ch\/wp-content\/uploads\/2024\/10\/stemutz_photo_promfr_bioeconomic_forum_2024_3600px-7I3A1023-1-150x150.jpg\" class=\"attachment-thumbnail size-thumbnail\" alt=\"\" srcset=\"https:\/\/www.promfr.ch\/wp-content\/uploads\/2024\/10\/stemutz_photo_promfr_bioeconomic_forum_2024_3600px-7I3A1023-1-150x150.jpg 150w, https:\/\/www.promfr.ch\/wp-content\/uploads\/2024\/10\/stemutz_photo_promfr_bioeconomic_forum_2024_3600px-7I3A1023-1-650x650.jpg 650w, https:\/\/www.promfr.ch\/wp-content\/uploads\/2024\/10\/stemutz_photo_promfr_bioeconomic_forum_2024_3600px-7I3A1023-1-1125x1125.jpg 1125w\" sizes=\"auto, (max-width: 150px) 100vw, 150px\" \/><\/a>\n\t\t\t<\/dt><\/dl><dl class='gallery-item'>\n\t\t\t<dt class='gallery-icon landscape'>\n\t\t\t\t<a href='https:\/\/www.promfr.ch\/wp-content\/uploads\/2024\/10\/stemutz_photo_promfr_bioeconomic_forum_2024_3600px-7I3A2263-1-scaled.jpg'><img loading=\"lazy\" decoding=\"async\" width=\"150\" height=\"150\" src=\"https:\/\/www.promfr.ch\/wp-content\/uploads\/2024\/10\/stemutz_photo_promfr_bioeconomic_forum_2024_3600px-7I3A2263-1-150x150.jpg\" class=\"attachment-thumbnail size-thumbnail\" alt=\"\" srcset=\"https:\/\/www.promfr.ch\/wp-content\/uploads\/2024\/10\/stemutz_photo_promfr_bioeconomic_forum_2024_3600px-7I3A2263-1-150x150.jpg 150w, https:\/\/www.promfr.ch\/wp-content\/uploads\/2024\/10\/stemutz_photo_promfr_bioeconomic_forum_2024_3600px-7I3A2263-1-650x650.jpg 650w, https:\/\/www.promfr.ch\/wp-content\/uploads\/2024\/10\/stemutz_photo_promfr_bioeconomic_forum_2024_3600px-7I3A2263-1-1125x1125.jpg 1125w\" sizes=\"auto, (max-width: 150px) 100vw, 150px\" \/><\/a>\n\t\t\t<\/dt><\/dl><dl class='gallery-item'>\n\t\t\t<dt class='gallery-icon landscape'>\n\t\t\t\t<a href='https:\/\/www.promfr.ch\/wp-content\/uploads\/2024\/10\/stemutz_photo_promfr_bioeconomic_forum_2024_3600px-7I3A2164-1-scaled.jpg'><img loading=\"lazy\" decoding=\"async\" width=\"150\" height=\"150\" src=\"https:\/\/www.promfr.ch\/wp-content\/uploads\/2024\/10\/stemutz_photo_promfr_bioeconomic_forum_2024_3600px-7I3A2164-1-150x150.jpg\" class=\"attachment-thumbnail size-thumbnail\" alt=\"\" srcset=\"https:\/\/www.promfr.ch\/wp-content\/uploads\/2024\/10\/stemutz_photo_promfr_bioeconomic_forum_2024_3600px-7I3A2164-1-150x150.jpg 150w, https:\/\/www.promfr.ch\/wp-content\/uploads\/2024\/10\/stemutz_photo_promfr_bioeconomic_forum_2024_3600px-7I3A2164-1-650x650.jpg 650w, https:\/\/www.promfr.ch\/wp-content\/uploads\/2024\/10\/stemutz_photo_promfr_bioeconomic_forum_2024_3600px-7I3A2164-1-1125x1125.jpg 1125w\" sizes=\"auto, (max-width: 150px) 100vw, 150px\" \/><\/a>\n\t\t\t<\/dt><\/dl><dl class='gallery-item'>\n\t\t\t<dt class='gallery-icon landscape'>\n\t\t\t\t<a href='https:\/\/www.promfr.ch\/wp-content\/uploads\/2024\/10\/stemutz_photo_promfr_bioeconomic_forum_2024_3600px-7I3A2093-1-scaled.jpg'><img loading=\"lazy\" decoding=\"async\" width=\"150\" height=\"150\" src=\"https:\/\/www.promfr.ch\/wp-content\/uploads\/2024\/10\/stemutz_photo_promfr_bioeconomic_forum_2024_3600px-7I3A2093-1-150x150.jpg\" class=\"attachment-thumbnail size-thumbnail\" alt=\"\" srcset=\"https:\/\/www.promfr.ch\/wp-content\/uploads\/2024\/10\/stemutz_photo_promfr_bioeconomic_forum_2024_3600px-7I3A2093-1-150x150.jpg 150w, https:\/\/www.promfr.ch\/wp-content\/uploads\/2024\/10\/stemutz_photo_promfr_bioeconomic_forum_2024_3600px-7I3A2093-1-650x650.jpg 650w, https:\/\/www.promfr.ch\/wp-content\/uploads\/2024\/10\/stemutz_photo_promfr_bioeconomic_forum_2024_3600px-7I3A2093-1-1125x1125.jpg 1125w\" sizes=\"auto, (max-width: 150px) 100vw, 150px\" \/><\/a>\n\t\t\t<\/dt><\/dl><br style=\"clear: both\" \/><dl class='gallery-item'>\n\t\t\t<dt class='gallery-icon landscape'>\n\t\t\t\t<a href='https:\/\/www.promfr.ch\/wp-content\/uploads\/2024\/10\/stemutz_photo_promfr_bioeconomic_forum_2024_3600px-7I3A2130-1-scaled.jpg'><img loading=\"lazy\" decoding=\"async\" width=\"150\" height=\"150\" src=\"https:\/\/www.promfr.ch\/wp-content\/uploads\/2024\/10\/stemutz_photo_promfr_bioeconomic_forum_2024_3600px-7I3A2130-1-150x150.jpg\" class=\"attachment-thumbnail size-thumbnail\" alt=\"\" srcset=\"https:\/\/www.promfr.ch\/wp-content\/uploads\/2024\/10\/stemutz_photo_promfr_bioeconomic_forum_2024_3600px-7I3A2130-1-150x150.jpg 150w, https:\/\/www.promfr.ch\/wp-content\/uploads\/2024\/10\/stemutz_photo_promfr_bioeconomic_forum_2024_3600px-7I3A2130-1-650x650.jpg 650w, https:\/\/www.promfr.ch\/wp-content\/uploads\/2024\/10\/stemutz_photo_promfr_bioeconomic_forum_2024_3600px-7I3A2130-1-1125x1125.jpg 1125w\" sizes=\"auto, (max-width: 150px) 100vw, 150px\" \/><\/a>\n\t\t\t<\/dt><\/dl><dl class='gallery-item'>\n\t\t\t<dt class='gallery-icon landscape'>\n\t\t\t\t<a href='https:\/\/www.promfr.ch\/wp-content\/uploads\/2024\/10\/stemutz_photo_promfr_bioeconomic_forum_2024_3600px-7I3A2379-1-scaled.jpg'><img loading=\"lazy\" decoding=\"async\" width=\"150\" height=\"150\" src=\"https:\/\/www.promfr.ch\/wp-content\/uploads\/2024\/10\/stemutz_photo_promfr_bioeconomic_forum_2024_3600px-7I3A2379-1-150x150.jpg\" class=\"attachment-thumbnail size-thumbnail\" alt=\"\" srcset=\"https:\/\/www.promfr.ch\/wp-content\/uploads\/2024\/10\/stemutz_photo_promfr_bioeconomic_forum_2024_3600px-7I3A2379-1-150x150.jpg 150w, https:\/\/www.promfr.ch\/wp-content\/uploads\/2024\/10\/stemutz_photo_promfr_bioeconomic_forum_2024_3600px-7I3A2379-1-650x650.jpg 650w, https:\/\/www.promfr.ch\/wp-content\/uploads\/2024\/10\/stemutz_photo_promfr_bioeconomic_forum_2024_3600px-7I3A2379-1-1125x1125.jpg 1125w\" sizes=\"auto, (max-width: 150px) 100vw, 150px\" \/><\/a>\n\t\t\t<\/dt><\/dl><dl class='gallery-item'>\n\t\t\t<dt class='gallery-icon landscape'>\n\t\t\t\t<a href='https:\/\/www.promfr.ch\/wp-content\/uploads\/2024\/10\/stemutz_photo_promfr_bioeconomic_forum_2024_3600px-7I3A2357-2-scaled.jpg'><img loading=\"lazy\" decoding=\"async\" width=\"150\" height=\"150\" src=\"https:\/\/www.promfr.ch\/wp-content\/uploads\/2024\/10\/stemutz_photo_promfr_bioeconomic_forum_2024_3600px-7I3A2357-2-150x150.jpg\" class=\"attachment-thumbnail size-thumbnail\" alt=\"\" srcset=\"https:\/\/www.promfr.ch\/wp-content\/uploads\/2024\/10\/stemutz_photo_promfr_bioeconomic_forum_2024_3600px-7I3A2357-2-150x150.jpg 150w, https:\/\/www.promfr.ch\/wp-content\/uploads\/2024\/10\/stemutz_photo_promfr_bioeconomic_forum_2024_3600px-7I3A2357-2-650x650.jpg 650w, https:\/\/www.promfr.ch\/wp-content\/uploads\/2024\/10\/stemutz_photo_promfr_bioeconomic_forum_2024_3600px-7I3A2357-2-1125x1125.jpg 1125w\" sizes=\"auto, (max-width: 150px) 100vw, 150px\" \/><\/a>\n\t\t\t<\/dt><\/dl><dl class='gallery-item'>\n\t\t\t<dt class='gallery-icon landscape'>\n\t\t\t\t<a href='https:\/\/www.promfr.ch\/wp-content\/uploads\/2024\/10\/stemutz_photo_promfr_bioeconomic_forum_2024_3600px-7I3A2462-1-scaled.jpg'><img loading=\"lazy\" decoding=\"async\" width=\"150\" height=\"150\" src=\"https:\/\/www.promfr.ch\/wp-content\/uploads\/2024\/10\/stemutz_photo_promfr_bioeconomic_forum_2024_3600px-7I3A2462-1-150x150.jpg\" class=\"attachment-thumbnail size-thumbnail\" alt=\"\" srcset=\"https:\/\/www.promfr.ch\/wp-content\/uploads\/2024\/10\/stemutz_photo_promfr_bioeconomic_forum_2024_3600px-7I3A2462-1-150x150.jpg 150w, https:\/\/www.promfr.ch\/wp-content\/uploads\/2024\/10\/stemutz_photo_promfr_bioeconomic_forum_2024_3600px-7I3A2462-1-650x650.jpg 650w, https:\/\/www.promfr.ch\/wp-content\/uploads\/2024\/10\/stemutz_photo_promfr_bioeconomic_forum_2024_3600px-7I3A2462-1-1125x1125.jpg 1125w\" sizes=\"auto, (max-width: 150px) 100vw, 150px\" \/><\/a>\n\t\t\t<\/dt><\/dl><br style=\"clear: both\" \/><dl class='gallery-item'>\n\t\t\t<dt class='gallery-icon landscape'>\n\t\t\t\t<a href='https:\/\/www.promfr.ch\/wp-content\/uploads\/2024\/10\/stemutz_photo_promfr_bioeconomic_forum_2024_3600px-7I3A2565-scaled.jpg'><img loading=\"lazy\" decoding=\"async\" width=\"150\" height=\"150\" src=\"https:\/\/www.promfr.ch\/wp-content\/uploads\/2024\/10\/stemutz_photo_promfr_bioeconomic_forum_2024_3600px-7I3A2565-150x150.jpg\" class=\"attachment-thumbnail size-thumbnail\" alt=\"\" srcset=\"https:\/\/www.promfr.ch\/wp-content\/uploads\/2024\/10\/stemutz_photo_promfr_bioeconomic_forum_2024_3600px-7I3A2565-150x150.jpg 150w, https:\/\/www.promfr.ch\/wp-content\/uploads\/2024\/10\/stemutz_photo_promfr_bioeconomic_forum_2024_3600px-7I3A2565-650x650.jpg 650w, https:\/\/www.promfr.ch\/wp-content\/uploads\/2024\/10\/stemutz_photo_promfr_bioeconomic_forum_2024_3600px-7I3A2565-1125x1125.jpg 1125w\" sizes=\"auto, (max-width: 150px) 100vw, 150px\" \/><\/a>\n\t\t\t<\/dt><\/dl><dl class='gallery-item'>\n\t\t\t<dt class='gallery-icon landscape'>\n\t\t\t\t<a href='https:\/\/www.promfr.ch\/wp-content\/uploads\/2024\/10\/stemutz_photo_promfr_bioeconomic_forum_2024_3600px-7I3A2583-1-scaled.jpg'><img loading=\"lazy\" decoding=\"async\" width=\"150\" height=\"150\" src=\"https:\/\/www.promfr.ch\/wp-content\/uploads\/2024\/10\/stemutz_photo_promfr_bioeconomic_forum_2024_3600px-7I3A2583-1-150x150.jpg\" class=\"attachment-thumbnail size-thumbnail\" alt=\"\" srcset=\"https:\/\/www.promfr.ch\/wp-content\/uploads\/2024\/10\/stemutz_photo_promfr_bioeconomic_forum_2024_3600px-7I3A2583-1-150x150.jpg 150w, https:\/\/www.promfr.ch\/wp-content\/uploads\/2024\/10\/stemutz_photo_promfr_bioeconomic_forum_2024_3600px-7I3A2583-1-650x650.jpg 650w, https:\/\/www.promfr.ch\/wp-content\/uploads\/2024\/10\/stemutz_photo_promfr_bioeconomic_forum_2024_3600px-7I3A2583-1-1125x1125.jpg 1125w\" sizes=\"auto, (max-width: 150px) 100vw, 150px\" \/><\/a>\n\t\t\t<\/dt><\/dl><dl class='gallery-item'>\n\t\t\t<dt class='gallery-icon landscape'>\n\t\t\t\t<a href='https:\/\/www.promfr.ch\/wp-content\/uploads\/2024\/10\/stemutz_photo_promfr_bioeconomic_forum_2024_3600px-7I3A2616-1-scaled.jpg'><img loading=\"lazy\" decoding=\"async\" width=\"150\" height=\"150\" src=\"https:\/\/www.promfr.ch\/wp-content\/uploads\/2024\/10\/stemutz_photo_promfr_bioeconomic_forum_2024_3600px-7I3A2616-1-150x150.jpg\" class=\"attachment-thumbnail size-thumbnail\" alt=\"\" srcset=\"https:\/\/www.promfr.ch\/wp-content\/uploads\/2024\/10\/stemutz_photo_promfr_bioeconomic_forum_2024_3600px-7I3A2616-1-150x150.jpg 150w, https:\/\/www.promfr.ch\/wp-content\/uploads\/2024\/10\/stemutz_photo_promfr_bioeconomic_forum_2024_3600px-7I3A2616-1-650x650.jpg 650w, https:\/\/www.promfr.ch\/wp-content\/uploads\/2024\/10\/stemutz_photo_promfr_bioeconomic_forum_2024_3600px-7I3A2616-1-1125x1125.jpg 1125w\" sizes=\"auto, (max-width: 150px) 100vw, 150px\" \/><\/a>\n\t\t\t<\/dt><\/dl><dl class='gallery-item'>\n\t\t\t<dt class='gallery-icon landscape'>\n\t\t\t\t<a href='https:\/\/www.promfr.ch\/wp-content\/uploads\/2024\/10\/stemutz_photo_promfr_bioeconomic_forum_2024_3600px-7I3A2494-1-scaled.jpg'><img loading=\"lazy\" decoding=\"async\" width=\"150\" height=\"150\" src=\"https:\/\/www.promfr.ch\/wp-content\/uploads\/2024\/10\/stemutz_photo_promfr_bioeconomic_forum_2024_3600px-7I3A2494-1-150x150.jpg\" class=\"attachment-thumbnail size-thumbnail\" alt=\"\" srcset=\"https:\/\/www.promfr.ch\/wp-content\/uploads\/2024\/10\/stemutz_photo_promfr_bioeconomic_forum_2024_3600px-7I3A2494-1-150x150.jpg 150w, https:\/\/www.promfr.ch\/wp-content\/uploads\/2024\/10\/stemutz_photo_promfr_bioeconomic_forum_2024_3600px-7I3A2494-1-650x650.jpg 650w, https:\/\/www.promfr.ch\/wp-content\/uploads\/2024\/10\/stemutz_photo_promfr_bioeconomic_forum_2024_3600px-7I3A2494-1-1125x1125.jpg 1125w\" sizes=\"auto, (max-width: 150px) 100vw, 150px\" \/><\/a>\n\t\t\t<\/dt><\/dl><br style=\"clear: both\" \/>\n\t\t<\/div>\n\n","protected":false},"excerpt":{"rendered":"<p>Zweihundert Pers\u00f6nlichkeiten aus der Schweiz, Frankreich und Deutschland haben am 10. Oktober 2024 am Bioeconomy Forum in Freiburg teilgenommen. Die Veranstaltung hat das grosse Potenzial dieses Wertsch\u00f6pfungssektors aufgezeigt und die Rahmenbedingungen hervorgehoben, die der Kanton der Branche bereits heute zur Verf\u00fcgung stellt. In Freiburg arbeiten&#8230;<\/p>\n","protected":false},"author":6,"featured_media":20942,"comment_status":"closed","ping_status":"open","sticky":false,"template":"","format":"standard","meta":{"footnotes":""},"categories":[83],"tags":[],"class_list":["post-20944","post","type-post","status-publish","format-standard","has-post-thumbnail","hentry","category-news-de"],"yoast_head":"<!-- This site is optimized with the Yoast SEO plugin v26.9 - https:\/\/yoast.com\/product\/yoast-seo-wordpress\/ -->\n<title>Freiburg \u00f6ffnet sich dem Kreislauf der Biowirtschaft - Wirtschaftsf\u00f6rderung WIF<\/title>\n<meta name=\"robots\" content=\"index, follow, max-snippet:-1, max-image-preview:large, max-video-preview:-1\" \/>\n<link rel=\"canonical\" href=\"https:\/\/www.promfr.ch\/de\/2024\/10\/11\/freiburg-oeffnet-sich-dem-kreislauf-der-biowirtschaft\/\" \/>\n<meta property=\"og:locale\" content=\"de_DE\" \/>\n<meta property=\"og:type\" content=\"article\" \/>\n<meta property=\"og:title\" content=\"Freiburg \u00f6ffnet sich dem Kreislauf der Biowirtschaft - Wirtschaftsf\u00f6rderung WIF\" \/>\n<meta property=\"og:description\" content=\"Zweihundert Pers\u00f6nlichkeiten aus der Schweiz, Frankreich und Deutschland haben am 10. Oktober 2024 am Bioeconomy Forum in Freiburg teilgenommen. Die Veranstaltung hat das grosse Potenzial dieses Wertsch\u00f6pfungssektors aufgezeigt und die Rahmenbedingungen hervorgehoben, die der Kanton der Branche bereits heute zur Verf\u00fcgung stellt. In Freiburg arbeiten...\" \/>\n<meta property=\"og:url\" content=\"https:\/\/www.promfr.ch\/de\/2024\/10\/11\/freiburg-oeffnet-sich-dem-kreislauf-der-biowirtschaft\/\" \/>\n<meta property=\"og:site_name\" content=\"Wirtschaftsf\u00f6rderung WIF\" \/>\n<meta property=\"article:published_time\" content=\"2024-10-11T08:00:04+00:00\" \/>\n<meta property=\"article:modified_time\" content=\"2024-10-16T11:12:12+00:00\" \/>\n<meta property=\"og:image\" content=\"https:\/\/www.promfr.ch\/wp-content\/uploads\/2024\/10\/stemutz_photo_promfr_bioeconomic_forum_2024_3600px-7I3A2357-scaled.jpg\" \/>\n\t<meta property=\"og:image:width\" content=\"2560\" \/>\n\t<meta property=\"og:image:height\" content=\"1707\" \/>\n\t<meta property=\"og:image:type\" content=\"image\/jpeg\" \/>\n<meta name=\"author\" content=\"Promotion Economique FR\" \/>\n<meta name=\"twitter:card\" content=\"summary_large_image\" \/>\n<meta name=\"twitter:creator\" content=\"@promfr\" \/>\n<meta name=\"twitter:site\" content=\"@promfr\" \/>\n<script type=\"application\/ld+json\" class=\"yoast-schema-graph\">{\"@context\":\"https:\/\/schema.org\",\"@graph\":[{\"@type\":\"Article\",\"@id\":\"https:\/\/www.promfr.ch\/de\/2024\/10\/11\/freiburg-oeffnet-sich-dem-kreislauf-der-biowirtschaft\/#article\",\"isPartOf\":{\"@id\":\"https:\/\/www.promfr.ch\/de\/2024\/10\/11\/freiburg-oeffnet-sich-dem-kreislauf-der-biowirtschaft\/\"},\"author\":{\"name\":\"Promotion Economique FR\",\"@id\":\"https:\/\/www.promfr.ch\/#\/schema\/person\/d3981670f940a863b20ad19bce28c5dc\"},\"headline\":\"Freiburg \u00f6ffnet sich dem Kreislauf der Biowirtschaft\",\"datePublished\":\"2024-10-11T08:00:04+00:00\",\"dateModified\":\"2024-10-16T11:12:12+00:00\",\"mainEntityOfPage\":{\"@id\":\"https:\/\/www.promfr.ch\/de\/2024\/10\/11\/freiburg-oeffnet-sich-dem-kreislauf-der-biowirtschaft\/\"},\"wordCount\":468,\"publisher\":{\"@id\":\"https:\/\/www.promfr.ch\/#organization\"},\"image\":{\"@id\":\"https:\/\/www.promfr.ch\/de\/2024\/10\/11\/freiburg-oeffnet-sich-dem-kreislauf-der-biowirtschaft\/#primaryimage\"},\"thumbnailUrl\":\"https:\/\/www.promfr.ch\/wp-content\/uploads\/2024\/10\/stemutz_photo_promfr_bioeconomic_forum_2024_3600px-7I3A2357-scaled.jpg\",\"articleSection\":[\"News\"],\"inLanguage\":\"de\"},{\"@type\":\"WebPage\",\"@id\":\"https:\/\/www.promfr.ch\/de\/2024\/10\/11\/freiburg-oeffnet-sich-dem-kreislauf-der-biowirtschaft\/\",\"url\":\"https:\/\/www.promfr.ch\/de\/2024\/10\/11\/freiburg-oeffnet-sich-dem-kreislauf-der-biowirtschaft\/\",\"name\":\"Freiburg \u00f6ffnet sich dem Kreislauf der Biowirtschaft - Wirtschaftsf\u00f6rderung WIF\",\"isPartOf\":{\"@id\":\"https:\/\/www.promfr.ch\/#website\"},\"primaryImageOfPage\":{\"@id\":\"https:\/\/www.promfr.ch\/de\/2024\/10\/11\/freiburg-oeffnet-sich-dem-kreislauf-der-biowirtschaft\/#primaryimage\"},\"image\":{\"@id\":\"https:\/\/www.promfr.ch\/de\/2024\/10\/11\/freiburg-oeffnet-sich-dem-kreislauf-der-biowirtschaft\/#primaryimage\"},\"thumbnailUrl\":\"https:\/\/www.promfr.ch\/wp-content\/uploads\/2024\/10\/stemutz_photo_promfr_bioeconomic_forum_2024_3600px-7I3A2357-scaled.jpg\",\"datePublished\":\"2024-10-11T08:00:04+00:00\",\"dateModified\":\"2024-10-16T11:12:12+00:00\",\"breadcrumb\":{\"@id\":\"https:\/\/www.promfr.ch\/de\/2024\/10\/11\/freiburg-oeffnet-sich-dem-kreislauf-der-biowirtschaft\/#breadcrumb\"},\"inLanguage\":\"de\",\"potentialAction\":[{\"@type\":\"ReadAction\",\"target\":[\"https:\/\/www.promfr.ch\/de\/2024\/10\/11\/freiburg-oeffnet-sich-dem-kreislauf-der-biowirtschaft\/\"]}]},{\"@type\":\"ImageObject\",\"inLanguage\":\"de\",\"@id\":\"https:\/\/www.promfr.ch\/de\/2024\/10\/11\/freiburg-oeffnet-sich-dem-kreislauf-der-biowirtschaft\/#primaryimage\",\"url\":\"https:\/\/www.promfr.ch\/wp-content\/uploads\/2024\/10\/stemutz_photo_promfr_bioeconomic_forum_2024_3600px-7I3A2357-scaled.jpg\",\"contentUrl\":\"https:\/\/www.promfr.ch\/wp-content\/uploads\/2024\/10\/stemutz_photo_promfr_bioeconomic_forum_2024_3600px-7I3A2357-scaled.jpg\",\"width\":2560,\"height\":1707,\"caption\":\"\u00a9 St\u00e9phane Schmutz \/ STEMUTZ.COM\"},{\"@type\":\"BreadcrumbList\",\"@id\":\"https:\/\/www.promfr.ch\/de\/2024\/10\/11\/freiburg-oeffnet-sich-dem-kreislauf-der-biowirtschaft\/#breadcrumb\",\"itemListElement\":[{\"@type\":\"ListItem\",\"position\":1,\"name\":\"Accueil\",\"item\":\"https:\/\/www.promfr.ch\/de\/\"},{\"@type\":\"ListItem\",\"position\":2,\"name\":\"Freiburg \u00f6ffnet sich dem Kreislauf der Biowirtschaft\"}]},{\"@type\":\"WebSite\",\"@id\":\"https:\/\/www.promfr.ch\/#website\",\"url\":\"https:\/\/www.promfr.ch\/\",\"name\":\"Promotion \u00e9conomique du canton de Fribourg (PromFR)\",\"description\":\"FRIBOURG, THE PLACE TO GROW!\",\"publisher\":{\"@id\":\"https:\/\/www.promfr.ch\/#organization\"},\"alternateName\":\"Wirtschaftsf\u00f6rderung Kanton Freiburg (WIF)\",\"potentialAction\":[{\"@type\":\"SearchAction\",\"target\":{\"@type\":\"EntryPoint\",\"urlTemplate\":\"https:\/\/www.promfr.ch\/?s={search_term_string}\"},\"query-input\":{\"@type\":\"PropertyValueSpecification\",\"valueRequired\":true,\"valueName\":\"search_term_string\"}}],\"inLanguage\":\"de\"},{\"@type\":\"Organization\",\"@id\":\"https:\/\/www.promfr.ch\/#organization\",\"name\":\"Promotion \u00e9conomique du canton de Fribourg (PromFR)\",\"alternateName\":\"Wirtschaftsf\u00f6rderung Kanton Freiburg (WIF)\",\"url\":\"https:\/\/www.promfr.ch\/\",\"logo\":{\"@type\":\"ImageObject\",\"inLanguage\":\"de\",\"@id\":\"https:\/\/www.promfr.ch\/#\/schema\/logo\/image\/\",\"url\":\"https:\/\/www.promfr.ch\/wp-content\/uploads\/2017\/07\/promotion-economique-fribourg-logo.png\",\"contentUrl\":\"https:\/\/www.promfr.ch\/wp-content\/uploads\/2017\/07\/promotion-economique-fribourg-logo.png\",\"width\":515,\"height\":156,\"caption\":\"Promotion \u00e9conomique du canton de Fribourg (PromFR)\"},\"image\":{\"@id\":\"https:\/\/www.promfr.ch\/#\/schema\/logo\/image\/\"},\"sameAs\":[\"https:\/\/x.com\/promfr\",\"https:\/\/www.linkedin.com\/company\/promfr\",\"https:\/\/www.youtube.com\/user\/promfr\"]},{\"@type\":\"Person\",\"@id\":\"https:\/\/www.promfr.ch\/#\/schema\/person\/d3981670f940a863b20ad19bce28c5dc\",\"name\":\"Promotion Economique FR\",\"image\":{\"@type\":\"ImageObject\",\"inLanguage\":\"de\",\"@id\":\"https:\/\/www.promfr.ch\/#\/schema\/person\/image\/\",\"url\":\"https:\/\/secure.gravatar.com\/avatar\/ded1fd2654a7e1976070d6160e36a98152e8699272412bacd0cb766f1beb5924?s=96&d=mm&r=g\",\"contentUrl\":\"https:\/\/secure.gravatar.com\/avatar\/ded1fd2654a7e1976070d6160e36a98152e8699272412bacd0cb766f1beb5924?s=96&d=mm&r=g\",\"caption\":\"Promotion Economique FR\"},\"sameAs\":[\"http:\/\/www.promfr.ch\"],\"url\":\"https:\/\/www.promfr.ch\/de\/author\/promfr\/\"}]}<\/script>\n<!-- \/ Yoast SEO plugin. -->","yoast_head_json":{"title":"Freiburg \u00f6ffnet sich dem Kreislauf der Biowirtschaft - Wirtschaftsf\u00f6rderung WIF","robots":{"index":"index","follow":"follow","max-snippet":"max-snippet:-1","max-image-preview":"max-image-preview:large","max-video-preview":"max-video-preview:-1"},"canonical":"https:\/\/www.promfr.ch\/de\/2024\/10\/11\/freiburg-oeffnet-sich-dem-kreislauf-der-biowirtschaft\/","og_locale":"de_DE","og_type":"article","og_title":"Freiburg \u00f6ffnet sich dem Kreislauf der Biowirtschaft - Wirtschaftsf\u00f6rderung WIF","og_description":"Zweihundert Pers\u00f6nlichkeiten aus der Schweiz, Frankreich und Deutschland haben am 10. Oktober 2024 am Bioeconomy Forum in Freiburg teilgenommen. Die Veranstaltung hat das grosse Potenzial dieses Wertsch\u00f6pfungssektors aufgezeigt und die Rahmenbedingungen hervorgehoben, die der Kanton der Branche bereits heute zur Verf\u00fcgung stellt. In Freiburg arbeiten...","og_url":"https:\/\/www.promfr.ch\/de\/2024\/10\/11\/freiburg-oeffnet-sich-dem-kreislauf-der-biowirtschaft\/","og_site_name":"Wirtschaftsf\u00f6rderung WIF","article_published_time":"2024-10-11T08:00:04+00:00","article_modified_time":"2024-10-16T11:12:12+00:00","og_image":[{"width":2560,"height":1707,"url":"https:\/\/www.promfr.ch\/wp-content\/uploads\/2024\/10\/stemutz_photo_promfr_bioeconomic_forum_2024_3600px-7I3A2357-scaled.jpg","type":"image\/jpeg"}],"author":"Promotion Economique FR","twitter_card":"summary_large_image","twitter_creator":"@promfr","twitter_site":"@promfr","schema":{"@context":"https:\/\/schema.org","@graph":[{"@type":"Article","@id":"https:\/\/www.promfr.ch\/de\/2024\/10\/11\/freiburg-oeffnet-sich-dem-kreislauf-der-biowirtschaft\/#article","isPartOf":{"@id":"https:\/\/www.promfr.ch\/de\/2024\/10\/11\/freiburg-oeffnet-sich-dem-kreislauf-der-biowirtschaft\/"},"author":{"name":"Promotion Economique FR","@id":"https:\/\/www.promfr.ch\/#\/schema\/person\/d3981670f940a863b20ad19bce28c5dc"},"headline":"Freiburg \u00f6ffnet sich dem Kreislauf der Biowirtschaft","datePublished":"2024-10-11T08:00:04+00:00","dateModified":"2024-10-16T11:12:12+00:00","mainEntityOfPage":{"@id":"https:\/\/www.promfr.ch\/de\/2024\/10\/11\/freiburg-oeffnet-sich-dem-kreislauf-der-biowirtschaft\/"},"wordCount":468,"publisher":{"@id":"https:\/\/www.promfr.ch\/#organization"},"image":{"@id":"https:\/\/www.promfr.ch\/de\/2024\/10\/11\/freiburg-oeffnet-sich-dem-kreislauf-der-biowirtschaft\/#primaryimage"},"thumbnailUrl":"https:\/\/www.promfr.ch\/wp-content\/uploads\/2024\/10\/stemutz_photo_promfr_bioeconomic_forum_2024_3600px-7I3A2357-scaled.jpg","articleSection":["News"],"inLanguage":"de"},{"@type":"WebPage","@id":"https:\/\/www.promfr.ch\/de\/2024\/10\/11\/freiburg-oeffnet-sich-dem-kreislauf-der-biowirtschaft\/","url":"https:\/\/www.promfr.ch\/de\/2024\/10\/11\/freiburg-oeffnet-sich-dem-kreislauf-der-biowirtschaft\/","name":"Freiburg \u00f6ffnet sich dem Kreislauf der Biowirtschaft - Wirtschaftsf\u00f6rderung WIF","isPartOf":{"@id":"https:\/\/www.promfr.ch\/#website"},"primaryImageOfPage":{"@id":"https:\/\/www.promfr.ch\/de\/2024\/10\/11\/freiburg-oeffnet-sich-dem-kreislauf-der-biowirtschaft\/#primaryimage"},"image":{"@id":"https:\/\/www.promfr.ch\/de\/2024\/10\/11\/freiburg-oeffnet-sich-dem-kreislauf-der-biowirtschaft\/#primaryimage"},"thumbnailUrl":"https:\/\/www.promfr.ch\/wp-content\/uploads\/2024\/10\/stemutz_photo_promfr_bioeconomic_forum_2024_3600px-7I3A2357-scaled.jpg","datePublished":"2024-10-11T08:00:04+00:00","dateModified":"2024-10-16T11:12:12+00:00","breadcrumb":{"@id":"https:\/\/www.promfr.ch\/de\/2024\/10\/11\/freiburg-oeffnet-sich-dem-kreislauf-der-biowirtschaft\/#breadcrumb"},"inLanguage":"de","potentialAction":[{"@type":"ReadAction","target":["https:\/\/www.promfr.ch\/de\/2024\/10\/11\/freiburg-oeffnet-sich-dem-kreislauf-der-biowirtschaft\/"]}]},{"@type":"ImageObject","inLanguage":"de","@id":"https:\/\/www.promfr.ch\/de\/2024\/10\/11\/freiburg-oeffnet-sich-dem-kreislauf-der-biowirtschaft\/#primaryimage","url":"https:\/\/www.promfr.ch\/wp-content\/uploads\/2024\/10\/stemutz_photo_promfr_bioeconomic_forum_2024_3600px-7I3A2357-scaled.jpg","contentUrl":"https:\/\/www.promfr.ch\/wp-content\/uploads\/2024\/10\/stemutz_photo_promfr_bioeconomic_forum_2024_3600px-7I3A2357-scaled.jpg","width":2560,"height":1707,"caption":"\u00a9 St\u00e9phane Schmutz \/ STEMUTZ.COM"},{"@type":"BreadcrumbList","@id":"https:\/\/www.promfr.ch\/de\/2024\/10\/11\/freiburg-oeffnet-sich-dem-kreislauf-der-biowirtschaft\/#breadcrumb","itemListElement":[{"@type":"ListItem","position":1,"name":"Accueil","item":"https:\/\/www.promfr.ch\/de\/"},{"@type":"ListItem","position":2,"name":"Freiburg \u00f6ffnet sich dem Kreislauf der Biowirtschaft"}]},{"@type":"WebSite","@id":"https:\/\/www.promfr.ch\/#website","url":"https:\/\/www.promfr.ch\/","name":"Promotion \u00e9conomique du canton de Fribourg (PromFR)","description":"FRIBOURG, THE PLACE TO GROW!","publisher":{"@id":"https:\/\/www.promfr.ch\/#organization"},"alternateName":"Wirtschaftsf\u00f6rderung Kanton Freiburg (WIF)","potentialAction":[{"@type":"SearchAction","target":{"@type":"EntryPoint","urlTemplate":"https:\/\/www.promfr.ch\/?s={search_term_string}"},"query-input":{"@type":"PropertyValueSpecification","valueRequired":true,"valueName":"search_term_string"}}],"inLanguage":"de"},{"@type":"Organization","@id":"https:\/\/www.promfr.ch\/#organization","name":"Promotion \u00e9conomique du canton de Fribourg (PromFR)","alternateName":"Wirtschaftsf\u00f6rderung Kanton Freiburg (WIF)","url":"https:\/\/www.promfr.ch\/","logo":{"@type":"ImageObject","inLanguage":"de","@id":"https:\/\/www.promfr.ch\/#\/schema\/logo\/image\/","url":"https:\/\/www.promfr.ch\/wp-content\/uploads\/2017\/07\/promotion-economique-fribourg-logo.png","contentUrl":"https:\/\/www.promfr.ch\/wp-content\/uploads\/2017\/07\/promotion-economique-fribourg-logo.png","width":515,"height":156,"caption":"Promotion \u00e9conomique du canton de Fribourg (PromFR)"},"image":{"@id":"https:\/\/www.promfr.ch\/#\/schema\/logo\/image\/"},"sameAs":["https:\/\/x.com\/promfr","https:\/\/www.linkedin.com\/company\/promfr","https:\/\/www.youtube.com\/user\/promfr"]},{"@type":"Person","@id":"https:\/\/www.promfr.ch\/#\/schema\/person\/d3981670f940a863b20ad19bce28c5dc","name":"Promotion Economique FR","image":{"@type":"ImageObject","inLanguage":"de","@id":"https:\/\/www.promfr.ch\/#\/schema\/person\/image\/","url":"https:\/\/secure.gravatar.com\/avatar\/ded1fd2654a7e1976070d6160e36a98152e8699272412bacd0cb766f1beb5924?s=96&d=mm&r=g","contentUrl":"https:\/\/secure.gravatar.com\/avatar\/ded1fd2654a7e1976070d6160e36a98152e8699272412bacd0cb766f1beb5924?s=96&d=mm&r=g","caption":"Promotion Economique FR"},"sameAs":["http:\/\/www.promfr.ch"],"url":"https:\/\/www.promfr.ch\/de\/author\/promfr\/"}]}},"_links":{"self":[{"href":"https:\/\/www.promfr.ch\/de\/wp-json\/wp\/v2\/posts\/20944","targetHints":{"allow":["GET"]}}],"collection":[{"href":"https:\/\/www.promfr.ch\/de\/wp-json\/wp\/v2\/posts"}],"about":[{"href":"https:\/\/www.promfr.ch\/de\/wp-json\/wp\/v2\/types\/post"}],"author":[{"embeddable":true,"href":"https:\/\/www.promfr.ch\/de\/wp-json\/wp\/v2\/users\/6"}],"replies":[{"embeddable":true,"href":"https:\/\/www.promfr.ch\/de\/wp-json\/wp\/v2\/comments?post=20944"}],"version-history":[{"count":4,"href":"https:\/\/www.promfr.ch\/de\/wp-json\/wp\/v2\/posts\/20944\/revisions"}],"predecessor-version":[{"id":21114,"href":"https:\/\/www.promfr.ch\/de\/wp-json\/wp\/v2\/posts\/20944\/revisions\/21114"}],"wp:featuredmedia":[{"embeddable":true,"href":"https:\/\/www.promfr.ch\/de\/wp-json\/wp\/v2\/media\/20942"}],"wp:attachment":[{"href":"https:\/\/www.promfr.ch\/de\/wp-json\/wp\/v2\/media?parent=20944"}],"wp:term":[{"taxonomy":"category","embeddable":true,"href":"https:\/\/www.promfr.ch\/de\/wp-json\/wp\/v2\/categories?post=20944"},{"taxonomy":"post_tag","embeddable":true,"href":"https:\/\/www.promfr.ch\/de\/wp-json\/wp\/v2\/tags?post=20944"}],"curies":[{"name":"wp","href":"https:\/\/api.w.org\/{rel}","templated":true}]}}