{"id":21293,"date":"2025-04-16T11:36:29","date_gmt":"2025-04-16T09:36:29","guid":{"rendered":"https:\/\/www.promfr.ch\/?p=21293"},"modified":"2025-04-16T11:44:30","modified_gmt":"2025-04-16T09:44:30","slug":"die-freiburger-wirtschaft-haelt-kurs-in-einem-zunehmend-unsicheren-globalen-umfeld","status":"publish","type":"post","link":"https:\/\/www.promfr.ch\/de\/2025\/04\/16\/die-freiburger-wirtschaft-haelt-kurs-in-einem-zunehmend-unsicheren-globalen-umfeld\/","title":{"rendered":"Die Freiburger Wirtschaft h\u00e4lt Kurs in einem zunehmend unsicheren globalen Umfeld"},"content":{"rendered":"<p><em>In einem instabilen globalen Umfeld \u2013 gepr\u00e4gt insbesondere durch die R\u00fcckkehr des Protektionismus und die j\u00fcngst von der US-Regierung eingef\u00fchrten Zollabgaben \u2013 h\u00e4lt die Freiburger Wirtschaft Kurs und beweist ihre Widerstandsf\u00e4higkeit. Im Jahr 2024 konnte die Wirtschaftsf\u00f6rderung Kanton Freiburg (WIF) dank der Zusammenarbeit mit verschiedenen Direktionen des Staates 32 Unternehmensprojekte begleiten. Diese Projekte sehen mittelfristig die Schaffung von 527 Arbeitspl\u00e4tzen sowie Investitionen in H\u00f6he von 116 Millionen Franken im Kanton vor. Zudem konnten \u00fcber 1000 bestehende Arbeitspl\u00e4tze gesichert werden. Auch das neue NRP-Programm 2024-2027 hat mit der Unterst\u00fctzung von 19 Projekten konkrete Formen angenommen.<\/em><\/p>\n<p>Seit Beginn des Jahrzehnts haben sich die weltweiten Gleichgewichte tiefgreifend verschoben \u2013 begleitet von einer beispiellosen H\u00e4ufung von Krisen, welche die Volkswirtschaften stark ersch\u00fcttert haben. Die aufsehenerregende Ank\u00fcndigung der neuen US-Regierung zu den Z\u00f6llen ist die j\u00fcngste markante Episode davon. Unsicherheit und mangelnde Planbarkeit sind zur neuen Normalit\u00e4t geworden \u2013 gen\u00e4hrt von einem volatilen internationalen Umfeld und schwindendem Vertrauen in die Institutionen verschiedener L\u00e4nder. Diese Situation veranlasst Schweizer und Freiburger Unternehmen zu einer zur\u00fcckhaltenderen Investitionspolitik.<\/p>\n<p>Die Freiburger Wirtschaft h\u00e4lt dennoch Kurs. Zwar ist die Zahl der Konkurse der im Handelsregister eingetragenen Unternehmen nach der Pandemie vorerst gestiegen, doch sie scheint sich zu stabilisieren oder ging 2024 sogar leicht zur\u00fcck (213 gegen\u00fcber 240 im Jahr 2023). Besonders bemerkenswert ist jedoch, dass das Besch\u00e4ftigungswachstum mittlerweile das Bev\u00f6lkerungswachstum \u00fcbertrifft. Zwischen 2011 und 2024 verzeichnete das Bruttoinlandprodukt des Kantons Freiburg einen Anstieg von 27.5 % \u2013 eine eindr\u00fcckliche Zunahme der Wertsch\u00f6pfung.<\/p>\n<p><strong>16 neue Ansiedlungen im Kanton<\/strong><\/p>\n<p>In diesem instabilen Umfeld hat die Wirtschaftsf\u00f6rderung Kanton Freiburg (WIF) am 16. April 2025 ihren Jahresbericht 2024 in den neuen R\u00e4umlichkeiten der SMG Swiss Marketplace Group AG im Innovationsquartier bluefactory vorgestellt.<\/p>\n<p>Als Ansprechpartnerin f\u00fcr Unternehmen, die sich im Kanton ansiedeln oder ihre T\u00e4tigkeit hier weiterentwickeln m\u00f6chten, agiert die WIF innerhalb eines koordinierten \u00d6kosystems, das mehrere kantonale Direktionen und Institutionen einbindet. Sie ist zudem f\u00fcr die Umsetzung der Neuen Regionalpolitik (NRP) verantwortlich.<\/p>\n<p>Im Jahr 2024 hat die WIF insgesamt 32 Unternehmensprojekte begleitet (Vorjahr: 40) \u2013 darunter 16 Neuansiedlungen und 16 Erweiterungen bestehender Aktivit\u00e4ten. Die Ansiedlungen verteilen sich zu gleichen Teilen auf Schweizer (8) und ausl\u00e4ndische Unternehmen (8), unter anderem aus Belgien, Brasilien, Deutschland, Frankreich, Irland, Italien und den USA. Mittelfristig werden mit diesen Projekten voraussichtlich 527 neue Arbeitspl\u00e4tze im Kanton geschaffen (Vorjahr: 767) und Investitionen in H\u00f6he von 116 Millionen Franken get\u00e4tigt. Zudem konnten \u00fcber 1000 bestehende Arbeitspl\u00e4tze gesichert werden. Allein die neu angesiedelten ausl\u00e4ndischen Unternehmen planen rund vierzig neue Stellen im Kanton zu schaffen.<\/p>\n<p>Parallel dazu wurden im Rahmen des Starts des kantonalen Umsetzungsprogramms (KUP) 2024-2027 insgesamt 19 NRP-Projekte genehmigt. Dieses Programm, das in enger Zusammenarbeit mit den Akteuren der Regionalpolitik erarbeitet wurde, konzentriert sich auf strategische Schwerpunkte wie Biowirtschaft, digitale Transformation, Industrie 4.0, Tourismus sowie die St\u00e4rkung des Unternehmertums in allen Regionen des Kantons.<\/p>\n<p>F\u00fcr Olivier Curty, Staatsrat und Volkswirtschaftsdirektor, bekr\u00e4ftigen die Ergebnisse des Jahres 2024 die Relevanz der geleisteten Arbeit: <em>\u201eIn einem herausfordernden und besonders instabilen globalen Umfeld best\u00e4tigen diese Resultate die Wirksamkeit unserer Wirtschaftsstrategie und die F\u00e4higkeit der WIF sowie der kantonalen \u00c4mter, zukunftstr\u00e4chtige Projekte f\u00fcr den Kanton zu realisieren.\u201c<\/em><\/p>\n<p><strong>bluefactory und die EPFL erh\u00f6hen das Tempo<\/strong><\/p>\n<p>Das Innovationsquartier bluefactory im Herzen von Freiburg entwickelt sich weiter zu einem f\u00fchrenden Technologie-Hub. Im Jahr 2024 markierte die Einweihung des Geb\u00e4udes B einen weiteren Meilenstein in der Entwicklung des Quartiers. Das Geb\u00e4ude ist nahezu vollst\u00e4ndig belegt, mit 17 privaten Unternehmen und 340 Arbeitspl\u00e4tzen \u2013 von insgesamt 700 auf dem Gel\u00e4nde.<\/p>\n<p>Im selben Umfeld entfaltet auch das neue <em>Centre for Worldwide Sustainable Construction<\/em> (CWSC) der EPFL seine Aktivit\u00e4ten in enger Zusammenarbeit mit dem Kanton. Bis 2030 werden sechs neue Lehrst\u00fchle hinzukommen, womit sich die Zahl der in Freiburg angesiedelten EPFL-Lehrst\u00fchle auf zehn erh\u00f6ht. Diese werden im zuk\u00fcnftigen Experimentalgeb\u00e4ude des Smart Living Lab untergebracht, dessen Bau 2025 begonnen hat. Dieser Ausbau festigt die wissenschaftliche Positionierung des Kantons im Bereich der gebauten Umwelt \u2013 mit konkreten Auswirkungen auf Nachhaltigkeit und Klimaschutz.<\/p>\n<p>Erw\u00e4hnenswert ist auch die dynamische Entwicklung der Standorte AgriCo in Saint-Aubin und La Maillarde in Romont. Diese werden von der kantonalen Anstalt f\u00fcr die aktive Bodenpolitik (KAAB) verwaltet und bilden den immobilienpolitischen Pfeiler der wirtschaftlichen Entwicklungsstrategie des Kantons.<\/p>\n<p><strong>Wegweisende Projekte im Bereich Life Sciences<\/strong><\/p>\n<p>Zu den bedeutendsten Ansiedlungen des Jahres z\u00e4hlt jene von Cellap Laboratoire AG in Ch\u00e2tel-Saint-Denis. Das Unternehmen ist im Bereich der hochwertigen Zellkosmetik t\u00e4tig und vertreibt die Marken Cellcosmet und Cellmen. Cellap hat sich auf einem gemeinsam genutzten Industriestandort mit Marvinpac und MS Swiss Cosmetics niedergelassen. Dank dieses Umzugs verf\u00fcgt das Unternehmen nun \u00fcber mehr als 4000\u202fm\u00b2 Produktionsfl\u00e4che und verfolgt ambitionierte Wachstumsziele auf internationalen M\u00e4rkten.<\/p>\n<p>Dieses Projekt steht exemplarisch f\u00fcr die Dynamik im Bereich Life Sciences \u2013 ein Sektor, dessen strategische Bedeutung 2024 durch eine Studie von BAK Economics best\u00e4tigt wurde. Demnach macht die Branche mittlerweile 10\u202f% des kantonalen BIP aus \u2013 ein klares Zeichen f\u00fcr die zunehmende wirtschaftliche Bedeutung dieses Bereichs in Freiburg.<\/p>\n<p>Jerry Krattiger, Direktor der WIF, betont: <em>\u201eDer Kanton Freiburg hat die Biowirtschaft \u2013 zu der auch die Life Sciences z\u00e4hlen \u2013 zu einer Priorit\u00e4t seiner Wirtschaftsstrategie erkl\u00e4rt. Die Ansiedlung von Cellap sowie die Entwicklung weiterer Akteure auf unserem Kantonsgebiet zeigen, dass dieser auf Wertsch\u00f6pfung ausgerichtete Fokus Fr\u00fcchte tr\u00e4gt. Unser Engagement geht jedoch weit dar\u00fcber hinaus, mit der Unterst\u00fctzung weiterer Schl\u00fcsselbereiche wie der Industrie 4.0, die ebenfalls zur Dynamik und Vielfalt unserer Wirtschaft beitragen.\u201c<\/em><\/p>\n<p><strong>Gesteigerte Wachsamkeit gegen\u00fcber Unsicherheiten<\/strong><\/p>\n<p>Die Volkswirtschafts- und Berufsbildungsdirektion ist sich der Unsicherheiten bewusst, die auf den Unternehmen lasten und verfolgt die Entwicklung der Konjunktur besonders aufmerksam. <em>\u201eDank bew\u00e4hrter Instrumente wie der Kurzarbeitsentsch\u00e4digung (KAE) verf\u00fcgen wir \u00fcber<\/em> <em>wirksame Hebel, um die Stabilit\u00e4t unseres wirtschaftlichen Gef\u00fcges zu sichern\u201c<\/em>, so das Fazit von Olivier Curty.<\/p>\n<p><strong>Dokumentation:<\/strong><\/p>\n<p>&gt; <a href=\"https:\/\/www.promfr.ch\/wp-content\/uploads\/2025\/04\/wif-jahresbericht_2024.pdf\" target=\"_blank\" rel=\"noopener\" data-cke-saved-href=\"https:\/\/www.promfr.ch\/wp-content\/uploads\/2024\/03\/Rapport-annuel_2023_PromFR.pdf\">Jahresbericht 2024 (PDF)<\/a><\/p>\n<hr \/>\n<p><strong>Bei der Swiss Marketplace Group in der bluefactory<\/strong><\/p>\n<p>Die j\u00e4hrliche Medienkonferenz der WIF fand dieses Jahr in den neuen B\u00fcros der Swiss Marketplace Group (SMG) in der bluefactory statt. Die Ansiedlung von SMG in Freiburg ist das Ergebnis einer engen Zusammenarbeit mit der WIF und wurde 2023 beschlossen, um die zuvor in Flamatt angesiedelten Arbeitspl\u00e4tze im Kanton zu halten.<\/p>\n<p>SMG ist ein Netzwerk f\u00fchrender Online-Marktpl\u00e4tze und ein innovatives Digitalunternehmen, das mit zukunftsgerichteten Produkten den Alltag erleichtert. Zum Portfolio geh\u00f6ren unter anderem ImmoScout24, Homegate, AutoScout24, Ricardo, tutti.ch, anibis.ch, FinanceScout24, moneyland.ch und weitere Plattformen. Der Hauptsitz befindet sich in Z\u00fcrich Oerlikon, mit weiteren Standorten in Zug, Lausanne und \u2013 seit Oktober 2024 \u2013 auch in Freiburg, auf dem Areal der bluefactory. Dort sind \u00fcber hundert Mitarbeitende t\u00e4tig.<\/p>\n<p>Boris Gussen, CFO: <em>\u201eMit dem Standort in der bluefactory investieren wir in moderne Arbeitsr\u00e4ume und in unsere Zukunft in der Westschweiz. Die gute Erreichbarkeit und die N\u00e4he zu unserer Kundschaft machen Freiburg zum idealen Ort f\u00fcr Austausch und Wachstum.\u201c<\/em><\/p>\n<p><a href=\"https:\/\/swissmarketplace.group\/de\/\">www.swissmarketplace.group<\/a><\/p>\n","protected":false},"excerpt":{"rendered":"<p>In einem instabilen globalen Umfeld \u2013 gepr\u00e4gt insbesondere durch die R\u00fcckkehr des Protektionismus und die j\u00fcngst von der US-Regierung eingef\u00fchrten Zollabgaben \u2013 h\u00e4lt die Freiburger Wirtschaft Kurs und beweist ihre Widerstandsf\u00e4higkeit. Im Jahr 2024 konnte die Wirtschaftsf\u00f6rderung Kanton Freiburg (WIF) dank der Zusammenarbeit mit verschiedenen&#8230;<\/p>\n","protected":false},"author":6,"featured_media":21302,"comment_status":"closed","ping_status":"open","sticky":false,"template":"","format":"standard","meta":{"footnotes":""},"categories":[83],"tags":[],"class_list":["post-21293","post","type-post","status-publish","format-standard","has-post-thumbnail","hentry","category-news-de"],"yoast_head":"<!-- This site is optimized with the Yoast SEO plugin v26.9 - https:\/\/yoast.com\/product\/yoast-seo-wordpress\/ -->\n<title>Die Freiburger Wirtschaft h\u00e4lt Kurs in einem zunehmend unsicheren globalen Umfeld - Wirtschaftsf\u00f6rderung WIF<\/title>\n<meta name=\"robots\" content=\"index, follow, max-snippet:-1, max-image-preview:large, max-video-preview:-1\" \/>\n<link rel=\"canonical\" href=\"https:\/\/www.promfr.ch\/de\/2025\/04\/16\/die-freiburger-wirtschaft-haelt-kurs-in-einem-zunehmend-unsicheren-globalen-umfeld\/\" \/>\n<meta property=\"og:locale\" content=\"de_DE\" \/>\n<meta property=\"og:type\" content=\"article\" \/>\n<meta property=\"og:title\" content=\"Die Freiburger Wirtschaft h\u00e4lt Kurs in einem zunehmend unsicheren globalen Umfeld - Wirtschaftsf\u00f6rderung WIF\" \/>\n<meta property=\"og:description\" content=\"In einem instabilen globalen Umfeld \u2013 gepr\u00e4gt insbesondere durch die R\u00fcckkehr des Protektionismus und die j\u00fcngst von der US-Regierung eingef\u00fchrten Zollabgaben \u2013 h\u00e4lt die Freiburger Wirtschaft Kurs und beweist ihre Widerstandsf\u00e4higkeit. Im Jahr 2024 konnte die Wirtschaftsf\u00f6rderung Kanton Freiburg (WIF) dank der Zusammenarbeit mit verschiedenen...\" \/>\n<meta property=\"og:url\" content=\"https:\/\/www.promfr.ch\/de\/2025\/04\/16\/die-freiburger-wirtschaft-haelt-kurs-in-einem-zunehmend-unsicheren-globalen-umfeld\/\" \/>\n<meta property=\"og:site_name\" content=\"Wirtschaftsf\u00f6rderung WIF\" \/>\n<meta property=\"article:published_time\" content=\"2025-04-16T09:36:29+00:00\" \/>\n<meta property=\"article:modified_time\" content=\"2025-04-16T09:44:30+00:00\" \/>\n<meta property=\"og:image\" content=\"https:\/\/www.promfr.ch\/wp-content\/uploads\/2025\/04\/bluefactory_batimentb.jpg\" \/>\n\t<meta property=\"og:image:width\" content=\"1920\" \/>\n\t<meta property=\"og:image:height\" content=\"1279\" \/>\n\t<meta property=\"og:image:type\" content=\"image\/jpeg\" \/>\n<meta name=\"author\" content=\"Promotion Economique FR\" \/>\n<meta name=\"twitter:card\" content=\"summary_large_image\" \/>\n<meta name=\"twitter:creator\" content=\"@promfr\" \/>\n<meta name=\"twitter:site\" content=\"@promfr\" \/>\n<script type=\"application\/ld+json\" class=\"yoast-schema-graph\">{\"@context\":\"https:\/\/schema.org\",\"@graph\":[{\"@type\":\"Article\",\"@id\":\"https:\/\/www.promfr.ch\/de\/2025\/04\/16\/die-freiburger-wirtschaft-haelt-kurs-in-einem-zunehmend-unsicheren-globalen-umfeld\/#article\",\"isPartOf\":{\"@id\":\"https:\/\/www.promfr.ch\/de\/2025\/04\/16\/die-freiburger-wirtschaft-haelt-kurs-in-einem-zunehmend-unsicheren-globalen-umfeld\/\"},\"author\":{\"name\":\"Promotion Economique FR\",\"@id\":\"https:\/\/www.promfr.ch\/#\/schema\/person\/d3981670f940a863b20ad19bce28c5dc\"},\"headline\":\"Die Freiburger Wirtschaft h\u00e4lt Kurs in einem zunehmend unsicheren globalen Umfeld\",\"datePublished\":\"2025-04-16T09:36:29+00:00\",\"dateModified\":\"2025-04-16T09:44:30+00:00\",\"mainEntityOfPage\":{\"@id\":\"https:\/\/www.promfr.ch\/de\/2025\/04\/16\/die-freiburger-wirtschaft-haelt-kurs-in-einem-zunehmend-unsicheren-globalen-umfeld\/\"},\"wordCount\":1153,\"publisher\":{\"@id\":\"https:\/\/www.promfr.ch\/#organization\"},\"image\":{\"@id\":\"https:\/\/www.promfr.ch\/de\/2025\/04\/16\/die-freiburger-wirtschaft-haelt-kurs-in-einem-zunehmend-unsicheren-globalen-umfeld\/#primaryimage\"},\"thumbnailUrl\":\"https:\/\/www.promfr.ch\/wp-content\/uploads\/2025\/04\/bluefactory_batimentb.jpg\",\"articleSection\":[\"News\"],\"inLanguage\":\"de\"},{\"@type\":\"WebPage\",\"@id\":\"https:\/\/www.promfr.ch\/de\/2025\/04\/16\/die-freiburger-wirtschaft-haelt-kurs-in-einem-zunehmend-unsicheren-globalen-umfeld\/\",\"url\":\"https:\/\/www.promfr.ch\/de\/2025\/04\/16\/die-freiburger-wirtschaft-haelt-kurs-in-einem-zunehmend-unsicheren-globalen-umfeld\/\",\"name\":\"Die Freiburger Wirtschaft h\u00e4lt Kurs in einem zunehmend unsicheren globalen Umfeld - Wirtschaftsf\u00f6rderung WIF\",\"isPartOf\":{\"@id\":\"https:\/\/www.promfr.ch\/#website\"},\"primaryImageOfPage\":{\"@id\":\"https:\/\/www.promfr.ch\/de\/2025\/04\/16\/die-freiburger-wirtschaft-haelt-kurs-in-einem-zunehmend-unsicheren-globalen-umfeld\/#primaryimage\"},\"image\":{\"@id\":\"https:\/\/www.promfr.ch\/de\/2025\/04\/16\/die-freiburger-wirtschaft-haelt-kurs-in-einem-zunehmend-unsicheren-globalen-umfeld\/#primaryimage\"},\"thumbnailUrl\":\"https:\/\/www.promfr.ch\/wp-content\/uploads\/2025\/04\/bluefactory_batimentb.jpg\",\"datePublished\":\"2025-04-16T09:36:29+00:00\",\"dateModified\":\"2025-04-16T09:44:30+00:00\",\"breadcrumb\":{\"@id\":\"https:\/\/www.promfr.ch\/de\/2025\/04\/16\/die-freiburger-wirtschaft-haelt-kurs-in-einem-zunehmend-unsicheren-globalen-umfeld\/#breadcrumb\"},\"inLanguage\":\"de\",\"potentialAction\":[{\"@type\":\"ReadAction\",\"target\":[\"https:\/\/www.promfr.ch\/de\/2025\/04\/16\/die-freiburger-wirtschaft-haelt-kurs-in-einem-zunehmend-unsicheren-globalen-umfeld\/\"]}]},{\"@type\":\"ImageObject\",\"inLanguage\":\"de\",\"@id\":\"https:\/\/www.promfr.ch\/de\/2025\/04\/16\/die-freiburger-wirtschaft-haelt-kurs-in-einem-zunehmend-unsicheren-globalen-umfeld\/#primaryimage\",\"url\":\"https:\/\/www.promfr.ch\/wp-content\/uploads\/2025\/04\/bluefactory_batimentb.jpg\",\"contentUrl\":\"https:\/\/www.promfr.ch\/wp-content\/uploads\/2025\/04\/bluefactory_batimentb.jpg\",\"width\":1920,\"height\":1279,\"caption\":\"La conf\u00e9rence de presse annuelle de la PromFR sest tenue dans les nouveaux bureaux de Swiss Marketplace Group (SMG), \u00e0 bluefactory.\"},{\"@type\":\"BreadcrumbList\",\"@id\":\"https:\/\/www.promfr.ch\/de\/2025\/04\/16\/die-freiburger-wirtschaft-haelt-kurs-in-einem-zunehmend-unsicheren-globalen-umfeld\/#breadcrumb\",\"itemListElement\":[{\"@type\":\"ListItem\",\"position\":1,\"name\":\"Accueil\",\"item\":\"https:\/\/www.promfr.ch\/de\/\"},{\"@type\":\"ListItem\",\"position\":2,\"name\":\"Die Freiburger Wirtschaft h\u00e4lt Kurs in einem zunehmend unsicheren globalen Umfeld\"}]},{\"@type\":\"WebSite\",\"@id\":\"https:\/\/www.promfr.ch\/#website\",\"url\":\"https:\/\/www.promfr.ch\/\",\"name\":\"Promotion \u00e9conomique du canton de Fribourg (PromFR)\",\"description\":\"FRIBOURG, THE PLACE TO GROW!\",\"publisher\":{\"@id\":\"https:\/\/www.promfr.ch\/#organization\"},\"alternateName\":\"Wirtschaftsf\u00f6rderung Kanton Freiburg (WIF)\",\"potentialAction\":[{\"@type\":\"SearchAction\",\"target\":{\"@type\":\"EntryPoint\",\"urlTemplate\":\"https:\/\/www.promfr.ch\/?s={search_term_string}\"},\"query-input\":{\"@type\":\"PropertyValueSpecification\",\"valueRequired\":true,\"valueName\":\"search_term_string\"}}],\"inLanguage\":\"de\"},{\"@type\":\"Organization\",\"@id\":\"https:\/\/www.promfr.ch\/#organization\",\"name\":\"Promotion \u00e9conomique du canton de Fribourg (PromFR)\",\"alternateName\":\"Wirtschaftsf\u00f6rderung Kanton Freiburg (WIF)\",\"url\":\"https:\/\/www.promfr.ch\/\",\"logo\":{\"@type\":\"ImageObject\",\"inLanguage\":\"de\",\"@id\":\"https:\/\/www.promfr.ch\/#\/schema\/logo\/image\/\",\"url\":\"https:\/\/www.promfr.ch\/wp-content\/uploads\/2017\/07\/promotion-economique-fribourg-logo.png\",\"contentUrl\":\"https:\/\/www.promfr.ch\/wp-content\/uploads\/2017\/07\/promotion-economique-fribourg-logo.png\",\"width\":515,\"height\":156,\"caption\":\"Promotion \u00e9conomique du canton de Fribourg (PromFR)\"},\"image\":{\"@id\":\"https:\/\/www.promfr.ch\/#\/schema\/logo\/image\/\"},\"sameAs\":[\"https:\/\/x.com\/promfr\",\"https:\/\/www.linkedin.com\/company\/promfr\",\"https:\/\/www.youtube.com\/user\/promfr\"]},{\"@type\":\"Person\",\"@id\":\"https:\/\/www.promfr.ch\/#\/schema\/person\/d3981670f940a863b20ad19bce28c5dc\",\"name\":\"Promotion Economique FR\",\"image\":{\"@type\":\"ImageObject\",\"inLanguage\":\"de\",\"@id\":\"https:\/\/www.promfr.ch\/#\/schema\/person\/image\/\",\"url\":\"https:\/\/secure.gravatar.com\/avatar\/ded1fd2654a7e1976070d6160e36a98152e8699272412bacd0cb766f1beb5924?s=96&d=mm&r=g\",\"contentUrl\":\"https:\/\/secure.gravatar.com\/avatar\/ded1fd2654a7e1976070d6160e36a98152e8699272412bacd0cb766f1beb5924?s=96&d=mm&r=g\",\"caption\":\"Promotion Economique FR\"},\"sameAs\":[\"http:\/\/www.promfr.ch\"],\"url\":\"https:\/\/www.promfr.ch\/de\/author\/promfr\/\"}]}<\/script>\n<!-- \/ Yoast SEO plugin. -->","yoast_head_json":{"title":"Die Freiburger Wirtschaft h\u00e4lt Kurs in einem zunehmend unsicheren globalen Umfeld - Wirtschaftsf\u00f6rderung WIF","robots":{"index":"index","follow":"follow","max-snippet":"max-snippet:-1","max-image-preview":"max-image-preview:large","max-video-preview":"max-video-preview:-1"},"canonical":"https:\/\/www.promfr.ch\/de\/2025\/04\/16\/die-freiburger-wirtschaft-haelt-kurs-in-einem-zunehmend-unsicheren-globalen-umfeld\/","og_locale":"de_DE","og_type":"article","og_title":"Die Freiburger Wirtschaft h\u00e4lt Kurs in einem zunehmend unsicheren globalen Umfeld - Wirtschaftsf\u00f6rderung WIF","og_description":"In einem instabilen globalen Umfeld \u2013 gepr\u00e4gt insbesondere durch die R\u00fcckkehr des Protektionismus und die j\u00fcngst von der US-Regierung eingef\u00fchrten Zollabgaben \u2013 h\u00e4lt die Freiburger Wirtschaft Kurs und beweist ihre Widerstandsf\u00e4higkeit. Im Jahr 2024 konnte die Wirtschaftsf\u00f6rderung Kanton Freiburg (WIF) dank der Zusammenarbeit mit verschiedenen...","og_url":"https:\/\/www.promfr.ch\/de\/2025\/04\/16\/die-freiburger-wirtschaft-haelt-kurs-in-einem-zunehmend-unsicheren-globalen-umfeld\/","og_site_name":"Wirtschaftsf\u00f6rderung WIF","article_published_time":"2025-04-16T09:36:29+00:00","article_modified_time":"2025-04-16T09:44:30+00:00","og_image":[{"width":1920,"height":1279,"url":"https:\/\/www.promfr.ch\/wp-content\/uploads\/2025\/04\/bluefactory_batimentb.jpg","type":"image\/jpeg"}],"author":"Promotion Economique FR","twitter_card":"summary_large_image","twitter_creator":"@promfr","twitter_site":"@promfr","schema":{"@context":"https:\/\/schema.org","@graph":[{"@type":"Article","@id":"https:\/\/www.promfr.ch\/de\/2025\/04\/16\/die-freiburger-wirtschaft-haelt-kurs-in-einem-zunehmend-unsicheren-globalen-umfeld\/#article","isPartOf":{"@id":"https:\/\/www.promfr.ch\/de\/2025\/04\/16\/die-freiburger-wirtschaft-haelt-kurs-in-einem-zunehmend-unsicheren-globalen-umfeld\/"},"author":{"name":"Promotion Economique FR","@id":"https:\/\/www.promfr.ch\/#\/schema\/person\/d3981670f940a863b20ad19bce28c5dc"},"headline":"Die Freiburger Wirtschaft h\u00e4lt Kurs in einem zunehmend unsicheren globalen Umfeld","datePublished":"2025-04-16T09:36:29+00:00","dateModified":"2025-04-16T09:44:30+00:00","mainEntityOfPage":{"@id":"https:\/\/www.promfr.ch\/de\/2025\/04\/16\/die-freiburger-wirtschaft-haelt-kurs-in-einem-zunehmend-unsicheren-globalen-umfeld\/"},"wordCount":1153,"publisher":{"@id":"https:\/\/www.promfr.ch\/#organization"},"image":{"@id":"https:\/\/www.promfr.ch\/de\/2025\/04\/16\/die-freiburger-wirtschaft-haelt-kurs-in-einem-zunehmend-unsicheren-globalen-umfeld\/#primaryimage"},"thumbnailUrl":"https:\/\/www.promfr.ch\/wp-content\/uploads\/2025\/04\/bluefactory_batimentb.jpg","articleSection":["News"],"inLanguage":"de"},{"@type":"WebPage","@id":"https:\/\/www.promfr.ch\/de\/2025\/04\/16\/die-freiburger-wirtschaft-haelt-kurs-in-einem-zunehmend-unsicheren-globalen-umfeld\/","url":"https:\/\/www.promfr.ch\/de\/2025\/04\/16\/die-freiburger-wirtschaft-haelt-kurs-in-einem-zunehmend-unsicheren-globalen-umfeld\/","name":"Die Freiburger Wirtschaft h\u00e4lt Kurs in einem zunehmend unsicheren globalen Umfeld - Wirtschaftsf\u00f6rderung WIF","isPartOf":{"@id":"https:\/\/www.promfr.ch\/#website"},"primaryImageOfPage":{"@id":"https:\/\/www.promfr.ch\/de\/2025\/04\/16\/die-freiburger-wirtschaft-haelt-kurs-in-einem-zunehmend-unsicheren-globalen-umfeld\/#primaryimage"},"image":{"@id":"https:\/\/www.promfr.ch\/de\/2025\/04\/16\/die-freiburger-wirtschaft-haelt-kurs-in-einem-zunehmend-unsicheren-globalen-umfeld\/#primaryimage"},"thumbnailUrl":"https:\/\/www.promfr.ch\/wp-content\/uploads\/2025\/04\/bluefactory_batimentb.jpg","datePublished":"2025-04-16T09:36:29+00:00","dateModified":"2025-04-16T09:44:30+00:00","breadcrumb":{"@id":"https:\/\/www.promfr.ch\/de\/2025\/04\/16\/die-freiburger-wirtschaft-haelt-kurs-in-einem-zunehmend-unsicheren-globalen-umfeld\/#breadcrumb"},"inLanguage":"de","potentialAction":[{"@type":"ReadAction","target":["https:\/\/www.promfr.ch\/de\/2025\/04\/16\/die-freiburger-wirtschaft-haelt-kurs-in-einem-zunehmend-unsicheren-globalen-umfeld\/"]}]},{"@type":"ImageObject","inLanguage":"de","@id":"https:\/\/www.promfr.ch\/de\/2025\/04\/16\/die-freiburger-wirtschaft-haelt-kurs-in-einem-zunehmend-unsicheren-globalen-umfeld\/#primaryimage","url":"https:\/\/www.promfr.ch\/wp-content\/uploads\/2025\/04\/bluefactory_batimentb.jpg","contentUrl":"https:\/\/www.promfr.ch\/wp-content\/uploads\/2025\/04\/bluefactory_batimentb.jpg","width":1920,"height":1279,"caption":"La conf\u00e9rence de presse annuelle de la PromFR sest tenue dans les nouveaux bureaux de Swiss Marketplace Group (SMG), \u00e0 bluefactory."},{"@type":"BreadcrumbList","@id":"https:\/\/www.promfr.ch\/de\/2025\/04\/16\/die-freiburger-wirtschaft-haelt-kurs-in-einem-zunehmend-unsicheren-globalen-umfeld\/#breadcrumb","itemListElement":[{"@type":"ListItem","position":1,"name":"Accueil","item":"https:\/\/www.promfr.ch\/de\/"},{"@type":"ListItem","position":2,"name":"Die Freiburger Wirtschaft h\u00e4lt Kurs in einem zunehmend unsicheren globalen Umfeld"}]},{"@type":"WebSite","@id":"https:\/\/www.promfr.ch\/#website","url":"https:\/\/www.promfr.ch\/","name":"Promotion \u00e9conomique du canton de Fribourg (PromFR)","description":"FRIBOURG, THE PLACE TO GROW!","publisher":{"@id":"https:\/\/www.promfr.ch\/#organization"},"alternateName":"Wirtschaftsf\u00f6rderung Kanton Freiburg (WIF)","potentialAction":[{"@type":"SearchAction","target":{"@type":"EntryPoint","urlTemplate":"https:\/\/www.promfr.ch\/?s={search_term_string}"},"query-input":{"@type":"PropertyValueSpecification","valueRequired":true,"valueName":"search_term_string"}}],"inLanguage":"de"},{"@type":"Organization","@id":"https:\/\/www.promfr.ch\/#organization","name":"Promotion \u00e9conomique du canton de Fribourg (PromFR)","alternateName":"Wirtschaftsf\u00f6rderung Kanton Freiburg (WIF)","url":"https:\/\/www.promfr.ch\/","logo":{"@type":"ImageObject","inLanguage":"de","@id":"https:\/\/www.promfr.ch\/#\/schema\/logo\/image\/","url":"https:\/\/www.promfr.ch\/wp-content\/uploads\/2017\/07\/promotion-economique-fribourg-logo.png","contentUrl":"https:\/\/www.promfr.ch\/wp-content\/uploads\/2017\/07\/promotion-economique-fribourg-logo.png","width":515,"height":156,"caption":"Promotion \u00e9conomique du canton de Fribourg (PromFR)"},"image":{"@id":"https:\/\/www.promfr.ch\/#\/schema\/logo\/image\/"},"sameAs":["https:\/\/x.com\/promfr","https:\/\/www.linkedin.com\/company\/promfr","https:\/\/www.youtube.com\/user\/promfr"]},{"@type":"Person","@id":"https:\/\/www.promfr.ch\/#\/schema\/person\/d3981670f940a863b20ad19bce28c5dc","name":"Promotion Economique FR","image":{"@type":"ImageObject","inLanguage":"de","@id":"https:\/\/www.promfr.ch\/#\/schema\/person\/image\/","url":"https:\/\/secure.gravatar.com\/avatar\/ded1fd2654a7e1976070d6160e36a98152e8699272412bacd0cb766f1beb5924?s=96&d=mm&r=g","contentUrl":"https:\/\/secure.gravatar.com\/avatar\/ded1fd2654a7e1976070d6160e36a98152e8699272412bacd0cb766f1beb5924?s=96&d=mm&r=g","caption":"Promotion Economique FR"},"sameAs":["http:\/\/www.promfr.ch"],"url":"https:\/\/www.promfr.ch\/de\/author\/promfr\/"}]}},"_links":{"self":[{"href":"https:\/\/www.promfr.ch\/de\/wp-json\/wp\/v2\/posts\/21293","targetHints":{"allow":["GET"]}}],"collection":[{"href":"https:\/\/www.promfr.ch\/de\/wp-json\/wp\/v2\/posts"}],"about":[{"href":"https:\/\/www.promfr.ch\/de\/wp-json\/wp\/v2\/types\/post"}],"author":[{"embeddable":true,"href":"https:\/\/www.promfr.ch\/de\/wp-json\/wp\/v2\/users\/6"}],"replies":[{"embeddable":true,"href":"https:\/\/www.promfr.ch\/de\/wp-json\/wp\/v2\/comments?post=21293"}],"version-history":[{"count":4,"href":"https:\/\/www.promfr.ch\/de\/wp-json\/wp\/v2\/posts\/21293\/revisions"}],"predecessor-version":[{"id":21298,"href":"https:\/\/www.promfr.ch\/de\/wp-json\/wp\/v2\/posts\/21293\/revisions\/21298"}],"wp:featuredmedia":[{"embeddable":true,"href":"https:\/\/www.promfr.ch\/de\/wp-json\/wp\/v2\/media\/21302"}],"wp:attachment":[{"href":"https:\/\/www.promfr.ch\/de\/wp-json\/wp\/v2\/media?parent=21293"}],"wp:term":[{"taxonomy":"category","embeddable":true,"href":"https:\/\/www.promfr.ch\/de\/wp-json\/wp\/v2\/categories?post=21293"},{"taxonomy":"post_tag","embeddable":true,"href":"https:\/\/www.promfr.ch\/de\/wp-json\/wp\/v2\/tags?post=21293"}],"curies":[{"name":"wp","href":"https:\/\/api.w.org\/{rel}","templated":true}]}}