{"id":21340,"date":"2025-06-12T09:00:01","date_gmt":"2025-06-12T07:00:01","guid":{"rendered":"https:\/\/www.promfr.ch\/?p=21340"},"modified":"2025-06-12T10:57:30","modified_gmt":"2025-06-12T08:57:30","slug":"bioket-kommt-2026-nach-freiburg","status":"publish","type":"post","link":"https:\/\/www.promfr.ch\/de\/2025\/06\/12\/bioket-kommt-2026-nach-freiburg\/","title":{"rendered":"BIOKET kommt 2026 nach Freiburg"},"content":{"rendered":"<p>Eine ausgezeichnete Nachricht f\u00fcr das Innovations\u00f6kosystem im Kanton Freiburg: Im M\u00e4rz 2026 wird Freiburg erstmals in der Schweiz die internationale Konferenz BIOKET ausrichten \u2013 ein zentrales Treffen im Bereich der Biowirtschaft und der Technologien zur Verwertung von Biomasse.<\/p>\n<p>Die 2018 vom franz\u00f6sischen Cluster <em>Bioeconomy For Change<\/em> (B4C) ins Leben gerufene Konferenz hat sich als Referenzveranstaltung f\u00fcr Fachleute der Branche etabliert. Sie machte Station in Lille, Trois-Rivi\u00e8res (Kanada), Reims und Br\u00fcssel \u2013 wo die Ausgabe 2025 Rekorde brach: \u00fcber 600 Teilnehmende, 150 Referierende und 1200 B2B-Treffen (Business-to-Business), bei denen Unternehmen direkt miteinander vernetzt wurden.<\/p>\n<p>BIOKET \u2013 kurz f\u00fcr BIOeconomy Key Enabling Technologies \u2013 zeichnet sich durch ihren stark technologischen Fokus aus. W\u00e4hrend andere Messen den Schwerpunkt auf M\u00e4rkte oder politische Rahmenbedingungen legen, stehen hier die industrielle Verfahrenstechnik, wissenschaftliche Innovationen und Verarbeitungstechnologien im Zentrum. Ziel ist es, konkrete, nachhaltige und exportf\u00e4hige L\u00f6sungen zu f\u00f6rdern \u2013 etwa in den Bereichen biobasierte Materialien, gr\u00fcne Chemie, Energie, Lebensmitteltechnologie oder Kosmetik.<\/p>\n<p><strong>Ein Freiburger \u00d6kosystem, bereit zur Mobilisierung<\/strong><\/p>\n<p>Die im Zentrum stehende Biowirtschaft umfasst s\u00e4mtliche Aktivit\u00e4ten zur Nutzung organischer Rohstoffe pflanzlicher oder tierischer Herkunft \u2013 nicht nur f\u00fcr Lebensmittel, sondern auch zur Herstellung von Molek\u00fclen und biobasierten Produkten mit hoher Wertsch\u00f6pfung. Ein strategisches Innovationsfeld auf dem Weg zu einer zirkul\u00e4reren und weniger fossilen Industrie.<\/p>\n<p>Dass BIOKET in Freiburg Halt macht, ist Ausdruck einer bereits etablierten Dynamik. Der Kanton verf\u00fcgt \u00fcber ein robustes \u00d6kosystem, das angewandte Forschung, Unternehmertum und Industrie vereint \u2013 und sich zunehmend als fruchtbarer Boden f\u00fcr nachhaltige Innovationen positioniert. Die Biowirtschaft macht 29\u202f% des Freiburger BIP und 28\u202f% der Besch\u00e4ftigung aus. Bereits bei der Ausgabe 2024 war Freiburg mit einem Workshop vertreten \u2013 mit Beteiligung von ChemTech, Seprify, Fri Up oder der Cormo AG. Ein vielbeachteter Auftritt, der das sp\u00e4tere Hosting der Konferenz bereits andeutete.<\/p>\n<p>Das vollst\u00e4ndige Programm wird im Herbst auf der offiziellen Website der Ausgabe 2026 ver\u00f6ffentlicht (<em>siehe unten<\/em>). Es umfasst Konferenzen, Fachworkshops, Unternehmensbesichtigungen, Start-up-Pitches und Innovation Tours \u2013 mit einem starken Fokus auf den praxisnahen Austausch zwischen Wissenschaft und Industrie.<\/p>\n<p><a href=\"https:\/\/bioket.tech\/\">www.bioket.tech<\/a><\/p>\n","protected":false},"excerpt":{"rendered":"<p>Eine ausgezeichnete Nachricht f\u00fcr das Innovations\u00f6kosystem im Kanton Freiburg: Im M\u00e4rz 2026 wird Freiburg erstmals in der Schweiz die internationale Konferenz BIOKET ausrichten \u2013 ein zentrales Treffen im Bereich der Biowirtschaft und der Technologien zur Verwertung von Biomasse. Die 2018 vom franz\u00f6sischen Cluster Bioeconomy For&#8230;<\/p>\n","protected":false},"author":6,"featured_media":21347,"comment_status":"closed","ping_status":"open","sticky":false,"template":"","format":"standard","meta":{"footnotes":""},"categories":[83],"tags":[],"class_list":["post-21340","post","type-post","status-publish","format-standard","has-post-thumbnail","hentry","category-news-de"],"yoast_head":"<!-- This site is optimized with the Yoast SEO plugin v26.9 - https:\/\/yoast.com\/product\/yoast-seo-wordpress\/ -->\n<title>BIOKET kommt 2026 nach Freiburg - Wirtschaftsf\u00f6rderung WIF<\/title>\n<meta name=\"robots\" content=\"index, follow, max-snippet:-1, max-image-preview:large, max-video-preview:-1\" \/>\n<link rel=\"canonical\" href=\"https:\/\/www.promfr.ch\/de\/2025\/06\/12\/bioket-kommt-2026-nach-freiburg\/\" \/>\n<meta property=\"og:locale\" content=\"de_DE\" \/>\n<meta property=\"og:type\" content=\"article\" \/>\n<meta property=\"og:title\" content=\"BIOKET kommt 2026 nach Freiburg - Wirtschaftsf\u00f6rderung WIF\" \/>\n<meta property=\"og:description\" content=\"Eine ausgezeichnete Nachricht f\u00fcr das Innovations\u00f6kosystem im Kanton Freiburg: Im M\u00e4rz 2026 wird Freiburg erstmals in der Schweiz die internationale Konferenz BIOKET ausrichten \u2013 ein zentrales Treffen im Bereich der Biowirtschaft und der Technologien zur Verwertung von Biomasse. Die 2018 vom franz\u00f6sischen Cluster Bioeconomy For...\" \/>\n<meta property=\"og:url\" content=\"https:\/\/www.promfr.ch\/de\/2025\/06\/12\/bioket-kommt-2026-nach-freiburg\/\" \/>\n<meta property=\"og:site_name\" content=\"Wirtschaftsf\u00f6rderung WIF\" \/>\n<meta property=\"article:published_time\" content=\"2025-06-12T07:00:01+00:00\" \/>\n<meta property=\"article:modified_time\" content=\"2025-06-12T08:57:30+00:00\" \/>\n<meta property=\"og:image\" content=\"https:\/\/www.promfr.ch\/wp-content\/uploads\/2025\/06\/BIOKET26.png\" \/>\n\t<meta property=\"og:image:width\" content=\"1920\" \/>\n\t<meta property=\"og:image:height\" content=\"1080\" \/>\n\t<meta property=\"og:image:type\" content=\"image\/png\" \/>\n<meta name=\"author\" content=\"Promotion Economique FR\" \/>\n<meta name=\"twitter:card\" content=\"summary_large_image\" \/>\n<meta name=\"twitter:creator\" content=\"@promfr\" \/>\n<meta name=\"twitter:site\" content=\"@promfr\" \/>\n<script type=\"application\/ld+json\" class=\"yoast-schema-graph\">{\"@context\":\"https:\/\/schema.org\",\"@graph\":[{\"@type\":\"Article\",\"@id\":\"https:\/\/www.promfr.ch\/de\/2025\/06\/12\/bioket-kommt-2026-nach-freiburg\/#article\",\"isPartOf\":{\"@id\":\"https:\/\/www.promfr.ch\/de\/2025\/06\/12\/bioket-kommt-2026-nach-freiburg\/\"},\"author\":{\"name\":\"Promotion Economique FR\",\"@id\":\"https:\/\/www.promfr.ch\/#\/schema\/person\/d3981670f940a863b20ad19bce28c5dc\"},\"headline\":\"BIOKET kommt 2026 nach Freiburg\",\"datePublished\":\"2025-06-12T07:00:01+00:00\",\"dateModified\":\"2025-06-12T08:57:30+00:00\",\"mainEntityOfPage\":{\"@id\":\"https:\/\/www.promfr.ch\/de\/2025\/06\/12\/bioket-kommt-2026-nach-freiburg\/\"},\"wordCount\":344,\"publisher\":{\"@id\":\"https:\/\/www.promfr.ch\/#organization\"},\"image\":{\"@id\":\"https:\/\/www.promfr.ch\/de\/2025\/06\/12\/bioket-kommt-2026-nach-freiburg\/#primaryimage\"},\"thumbnailUrl\":\"https:\/\/www.promfr.ch\/wp-content\/uploads\/2025\/06\/BIOKET26.png\",\"articleSection\":[\"News\"],\"inLanguage\":\"de\"},{\"@type\":\"WebPage\",\"@id\":\"https:\/\/www.promfr.ch\/de\/2025\/06\/12\/bioket-kommt-2026-nach-freiburg\/\",\"url\":\"https:\/\/www.promfr.ch\/de\/2025\/06\/12\/bioket-kommt-2026-nach-freiburg\/\",\"name\":\"BIOKET kommt 2026 nach Freiburg - Wirtschaftsf\u00f6rderung WIF\",\"isPartOf\":{\"@id\":\"https:\/\/www.promfr.ch\/#website\"},\"primaryImageOfPage\":{\"@id\":\"https:\/\/www.promfr.ch\/de\/2025\/06\/12\/bioket-kommt-2026-nach-freiburg\/#primaryimage\"},\"image\":{\"@id\":\"https:\/\/www.promfr.ch\/de\/2025\/06\/12\/bioket-kommt-2026-nach-freiburg\/#primaryimage\"},\"thumbnailUrl\":\"https:\/\/www.promfr.ch\/wp-content\/uploads\/2025\/06\/BIOKET26.png\",\"datePublished\":\"2025-06-12T07:00:01+00:00\",\"dateModified\":\"2025-06-12T08:57:30+00:00\",\"breadcrumb\":{\"@id\":\"https:\/\/www.promfr.ch\/de\/2025\/06\/12\/bioket-kommt-2026-nach-freiburg\/#breadcrumb\"},\"inLanguage\":\"de\",\"potentialAction\":[{\"@type\":\"ReadAction\",\"target\":[\"https:\/\/www.promfr.ch\/de\/2025\/06\/12\/bioket-kommt-2026-nach-freiburg\/\"]}]},{\"@type\":\"ImageObject\",\"inLanguage\":\"de\",\"@id\":\"https:\/\/www.promfr.ch\/de\/2025\/06\/12\/bioket-kommt-2026-nach-freiburg\/#primaryimage\",\"url\":\"https:\/\/www.promfr.ch\/wp-content\/uploads\/2025\/06\/BIOKET26.png\",\"contentUrl\":\"https:\/\/www.promfr.ch\/wp-content\/uploads\/2025\/06\/BIOKET26.png\",\"width\":1920,\"height\":1080},{\"@type\":\"BreadcrumbList\",\"@id\":\"https:\/\/www.promfr.ch\/de\/2025\/06\/12\/bioket-kommt-2026-nach-freiburg\/#breadcrumb\",\"itemListElement\":[{\"@type\":\"ListItem\",\"position\":1,\"name\":\"Accueil\",\"item\":\"https:\/\/www.promfr.ch\/de\/\"},{\"@type\":\"ListItem\",\"position\":2,\"name\":\"BIOKET kommt 2026 nach Freiburg\"}]},{\"@type\":\"WebSite\",\"@id\":\"https:\/\/www.promfr.ch\/#website\",\"url\":\"https:\/\/www.promfr.ch\/\",\"name\":\"Promotion \u00e9conomique du canton de Fribourg (PromFR)\",\"description\":\"FRIBOURG, THE PLACE TO GROW!\",\"publisher\":{\"@id\":\"https:\/\/www.promfr.ch\/#organization\"},\"alternateName\":\"Wirtschaftsf\u00f6rderung Kanton Freiburg (WIF)\",\"potentialAction\":[{\"@type\":\"SearchAction\",\"target\":{\"@type\":\"EntryPoint\",\"urlTemplate\":\"https:\/\/www.promfr.ch\/?s={search_term_string}\"},\"query-input\":{\"@type\":\"PropertyValueSpecification\",\"valueRequired\":true,\"valueName\":\"search_term_string\"}}],\"inLanguage\":\"de\"},{\"@type\":\"Organization\",\"@id\":\"https:\/\/www.promfr.ch\/#organization\",\"name\":\"Promotion \u00e9conomique du canton de Fribourg (PromFR)\",\"alternateName\":\"Wirtschaftsf\u00f6rderung Kanton Freiburg (WIF)\",\"url\":\"https:\/\/www.promfr.ch\/\",\"logo\":{\"@type\":\"ImageObject\",\"inLanguage\":\"de\",\"@id\":\"https:\/\/www.promfr.ch\/#\/schema\/logo\/image\/\",\"url\":\"https:\/\/www.promfr.ch\/wp-content\/uploads\/2017\/07\/promotion-economique-fribourg-logo.png\",\"contentUrl\":\"https:\/\/www.promfr.ch\/wp-content\/uploads\/2017\/07\/promotion-economique-fribourg-logo.png\",\"width\":515,\"height\":156,\"caption\":\"Promotion \u00e9conomique du canton de Fribourg (PromFR)\"},\"image\":{\"@id\":\"https:\/\/www.promfr.ch\/#\/schema\/logo\/image\/\"},\"sameAs\":[\"https:\/\/x.com\/promfr\",\"https:\/\/www.linkedin.com\/company\/promfr\",\"https:\/\/www.youtube.com\/user\/promfr\"]},{\"@type\":\"Person\",\"@id\":\"https:\/\/www.promfr.ch\/#\/schema\/person\/d3981670f940a863b20ad19bce28c5dc\",\"name\":\"Promotion Economique FR\",\"image\":{\"@type\":\"ImageObject\",\"inLanguage\":\"de\",\"@id\":\"https:\/\/www.promfr.ch\/#\/schema\/person\/image\/\",\"url\":\"https:\/\/secure.gravatar.com\/avatar\/ded1fd2654a7e1976070d6160e36a98152e8699272412bacd0cb766f1beb5924?s=96&d=mm&r=g\",\"contentUrl\":\"https:\/\/secure.gravatar.com\/avatar\/ded1fd2654a7e1976070d6160e36a98152e8699272412bacd0cb766f1beb5924?s=96&d=mm&r=g\",\"caption\":\"Promotion Economique FR\"},\"sameAs\":[\"http:\/\/www.promfr.ch\"],\"url\":\"https:\/\/www.promfr.ch\/de\/author\/promfr\/\"}]}<\/script>\n<!-- \/ Yoast SEO plugin. -->","yoast_head_json":{"title":"BIOKET kommt 2026 nach Freiburg - Wirtschaftsf\u00f6rderung WIF","robots":{"index":"index","follow":"follow","max-snippet":"max-snippet:-1","max-image-preview":"max-image-preview:large","max-video-preview":"max-video-preview:-1"},"canonical":"https:\/\/www.promfr.ch\/de\/2025\/06\/12\/bioket-kommt-2026-nach-freiburg\/","og_locale":"de_DE","og_type":"article","og_title":"BIOKET kommt 2026 nach Freiburg - Wirtschaftsf\u00f6rderung WIF","og_description":"Eine ausgezeichnete Nachricht f\u00fcr das Innovations\u00f6kosystem im Kanton Freiburg: Im M\u00e4rz 2026 wird Freiburg erstmals in der Schweiz die internationale Konferenz BIOKET ausrichten \u2013 ein zentrales Treffen im Bereich der Biowirtschaft und der Technologien zur Verwertung von Biomasse. Die 2018 vom franz\u00f6sischen Cluster Bioeconomy For...","og_url":"https:\/\/www.promfr.ch\/de\/2025\/06\/12\/bioket-kommt-2026-nach-freiburg\/","og_site_name":"Wirtschaftsf\u00f6rderung WIF","article_published_time":"2025-06-12T07:00:01+00:00","article_modified_time":"2025-06-12T08:57:30+00:00","og_image":[{"width":1920,"height":1080,"url":"https:\/\/www.promfr.ch\/wp-content\/uploads\/2025\/06\/BIOKET26.png","type":"image\/png"}],"author":"Promotion Economique FR","twitter_card":"summary_large_image","twitter_creator":"@promfr","twitter_site":"@promfr","schema":{"@context":"https:\/\/schema.org","@graph":[{"@type":"Article","@id":"https:\/\/www.promfr.ch\/de\/2025\/06\/12\/bioket-kommt-2026-nach-freiburg\/#article","isPartOf":{"@id":"https:\/\/www.promfr.ch\/de\/2025\/06\/12\/bioket-kommt-2026-nach-freiburg\/"},"author":{"name":"Promotion Economique FR","@id":"https:\/\/www.promfr.ch\/#\/schema\/person\/d3981670f940a863b20ad19bce28c5dc"},"headline":"BIOKET kommt 2026 nach Freiburg","datePublished":"2025-06-12T07:00:01+00:00","dateModified":"2025-06-12T08:57:30+00:00","mainEntityOfPage":{"@id":"https:\/\/www.promfr.ch\/de\/2025\/06\/12\/bioket-kommt-2026-nach-freiburg\/"},"wordCount":344,"publisher":{"@id":"https:\/\/www.promfr.ch\/#organization"},"image":{"@id":"https:\/\/www.promfr.ch\/de\/2025\/06\/12\/bioket-kommt-2026-nach-freiburg\/#primaryimage"},"thumbnailUrl":"https:\/\/www.promfr.ch\/wp-content\/uploads\/2025\/06\/BIOKET26.png","articleSection":["News"],"inLanguage":"de"},{"@type":"WebPage","@id":"https:\/\/www.promfr.ch\/de\/2025\/06\/12\/bioket-kommt-2026-nach-freiburg\/","url":"https:\/\/www.promfr.ch\/de\/2025\/06\/12\/bioket-kommt-2026-nach-freiburg\/","name":"BIOKET kommt 2026 nach Freiburg - Wirtschaftsf\u00f6rderung WIF","isPartOf":{"@id":"https:\/\/www.promfr.ch\/#website"},"primaryImageOfPage":{"@id":"https:\/\/www.promfr.ch\/de\/2025\/06\/12\/bioket-kommt-2026-nach-freiburg\/#primaryimage"},"image":{"@id":"https:\/\/www.promfr.ch\/de\/2025\/06\/12\/bioket-kommt-2026-nach-freiburg\/#primaryimage"},"thumbnailUrl":"https:\/\/www.promfr.ch\/wp-content\/uploads\/2025\/06\/BIOKET26.png","datePublished":"2025-06-12T07:00:01+00:00","dateModified":"2025-06-12T08:57:30+00:00","breadcrumb":{"@id":"https:\/\/www.promfr.ch\/de\/2025\/06\/12\/bioket-kommt-2026-nach-freiburg\/#breadcrumb"},"inLanguage":"de","potentialAction":[{"@type":"ReadAction","target":["https:\/\/www.promfr.ch\/de\/2025\/06\/12\/bioket-kommt-2026-nach-freiburg\/"]}]},{"@type":"ImageObject","inLanguage":"de","@id":"https:\/\/www.promfr.ch\/de\/2025\/06\/12\/bioket-kommt-2026-nach-freiburg\/#primaryimage","url":"https:\/\/www.promfr.ch\/wp-content\/uploads\/2025\/06\/BIOKET26.png","contentUrl":"https:\/\/www.promfr.ch\/wp-content\/uploads\/2025\/06\/BIOKET26.png","width":1920,"height":1080},{"@type":"BreadcrumbList","@id":"https:\/\/www.promfr.ch\/de\/2025\/06\/12\/bioket-kommt-2026-nach-freiburg\/#breadcrumb","itemListElement":[{"@type":"ListItem","position":1,"name":"Accueil","item":"https:\/\/www.promfr.ch\/de\/"},{"@type":"ListItem","position":2,"name":"BIOKET kommt 2026 nach Freiburg"}]},{"@type":"WebSite","@id":"https:\/\/www.promfr.ch\/#website","url":"https:\/\/www.promfr.ch\/","name":"Promotion \u00e9conomique du canton de Fribourg (PromFR)","description":"FRIBOURG, THE PLACE TO GROW!","publisher":{"@id":"https:\/\/www.promfr.ch\/#organization"},"alternateName":"Wirtschaftsf\u00f6rderung Kanton Freiburg (WIF)","potentialAction":[{"@type":"SearchAction","target":{"@type":"EntryPoint","urlTemplate":"https:\/\/www.promfr.ch\/?s={search_term_string}"},"query-input":{"@type":"PropertyValueSpecification","valueRequired":true,"valueName":"search_term_string"}}],"inLanguage":"de"},{"@type":"Organization","@id":"https:\/\/www.promfr.ch\/#organization","name":"Promotion \u00e9conomique du canton de Fribourg (PromFR)","alternateName":"Wirtschaftsf\u00f6rderung Kanton Freiburg (WIF)","url":"https:\/\/www.promfr.ch\/","logo":{"@type":"ImageObject","inLanguage":"de","@id":"https:\/\/www.promfr.ch\/#\/schema\/logo\/image\/","url":"https:\/\/www.promfr.ch\/wp-content\/uploads\/2017\/07\/promotion-economique-fribourg-logo.png","contentUrl":"https:\/\/www.promfr.ch\/wp-content\/uploads\/2017\/07\/promotion-economique-fribourg-logo.png","width":515,"height":156,"caption":"Promotion \u00e9conomique du canton de Fribourg (PromFR)"},"image":{"@id":"https:\/\/www.promfr.ch\/#\/schema\/logo\/image\/"},"sameAs":["https:\/\/x.com\/promfr","https:\/\/www.linkedin.com\/company\/promfr","https:\/\/www.youtube.com\/user\/promfr"]},{"@type":"Person","@id":"https:\/\/www.promfr.ch\/#\/schema\/person\/d3981670f940a863b20ad19bce28c5dc","name":"Promotion Economique FR","image":{"@type":"ImageObject","inLanguage":"de","@id":"https:\/\/www.promfr.ch\/#\/schema\/person\/image\/","url":"https:\/\/secure.gravatar.com\/avatar\/ded1fd2654a7e1976070d6160e36a98152e8699272412bacd0cb766f1beb5924?s=96&d=mm&r=g","contentUrl":"https:\/\/secure.gravatar.com\/avatar\/ded1fd2654a7e1976070d6160e36a98152e8699272412bacd0cb766f1beb5924?s=96&d=mm&r=g","caption":"Promotion Economique FR"},"sameAs":["http:\/\/www.promfr.ch"],"url":"https:\/\/www.promfr.ch\/de\/author\/promfr\/"}]}},"_links":{"self":[{"href":"https:\/\/www.promfr.ch\/de\/wp-json\/wp\/v2\/posts\/21340","targetHints":{"allow":["GET"]}}],"collection":[{"href":"https:\/\/www.promfr.ch\/de\/wp-json\/wp\/v2\/posts"}],"about":[{"href":"https:\/\/www.promfr.ch\/de\/wp-json\/wp\/v2\/types\/post"}],"author":[{"embeddable":true,"href":"https:\/\/www.promfr.ch\/de\/wp-json\/wp\/v2\/users\/6"}],"replies":[{"embeddable":true,"href":"https:\/\/www.promfr.ch\/de\/wp-json\/wp\/v2\/comments?post=21340"}],"version-history":[{"count":1,"href":"https:\/\/www.promfr.ch\/de\/wp-json\/wp\/v2\/posts\/21340\/revisions"}],"predecessor-version":[{"id":21350,"href":"https:\/\/www.promfr.ch\/de\/wp-json\/wp\/v2\/posts\/21340\/revisions\/21350"}],"wp:featuredmedia":[{"embeddable":true,"href":"https:\/\/www.promfr.ch\/de\/wp-json\/wp\/v2\/media\/21347"}],"wp:attachment":[{"href":"https:\/\/www.promfr.ch\/de\/wp-json\/wp\/v2\/media?parent=21340"}],"wp:term":[{"taxonomy":"category","embeddable":true,"href":"https:\/\/www.promfr.ch\/de\/wp-json\/wp\/v2\/categories?post=21340"},{"taxonomy":"post_tag","embeddable":true,"href":"https:\/\/www.promfr.ch\/de\/wp-json\/wp\/v2\/tags?post=21340"}],"curies":[{"name":"wp","href":"https:\/\/api.w.org\/{rel}","templated":true}]}}