{"id":21404,"date":"2025-06-25T08:00:26","date_gmt":"2025-06-25T06:00:26","guid":{"rendered":"https:\/\/www.promfr.ch\/?p=21404"},"modified":"2025-06-25T09:05:27","modified_gmt":"2025-06-25T07:05:27","slug":"nrp-aufruf-an-freiburger-unternehmen-fuer-industrielle-kooperationsprojekte","status":"publish","type":"post","link":"https:\/\/www.promfr.ch\/de\/2025\/06\/25\/nrp-aufruf-an-freiburger-unternehmen-fuer-industrielle-kooperationsprojekte\/","title":{"rendered":"NRP \u2013 Aufruf an Freiburger Unternehmen f\u00fcr industrielle Kooperationsprojekte"},"content":{"rendered":"<p><em>Insgesamt 290&#8217;000 Franken stellt der Kanton Freiburg dieses Jahr im Rahmen eines thematischen <\/em><em>Kooperationsprojektaufrufs (KPA)<\/em><em> \u00fcber die Neue Regionalpolitik (NRP) zur Verf\u00fcgung und sucht interessierte Unternehmen f\u00fcr entsprechende Projekte in der Industrie. Dieses Vorgehen stellt eine Premiere dar. Es ist das erste Mal, dass der Kanton f\u00fcr ein Kooperationsprojekt einen Aufruf durchf\u00fchrt und eine Thematik vorgibt. Thema dieses ersten Projektaufrufs ist die <\/em><em>Optimierung der Lieferketten und CO<sub>2<\/sub>-arme Logistik<\/em><em> mit dem Ziel die CO<sub>2<\/sub>-Emissionen der Freiburger Wirtschaft zu reduzieren und dabei neue Technologien wie z.B. die K\u00fcnstliche Intelligenz einzusetzen. Interessierte Unternehmen k\u00f6nnen sich bis zum 10. September 2025 \u00fcber die Webseite der Wirtschaftsf\u00f6rderung Kanton Freiburg (WIF) melden: <\/em><a href=\"http:\/\/www.promfr.ch\/de\/nrp-aufruf\"><em>www.promfr.ch\/de\/nrp-aufruf<\/em><\/a><em>.<\/em><\/p>\n<p>Ziel der Neuen Regionalpolitik (NRP) ist es, die Wettbewerbsf\u00e4higkeit und Wertsch\u00f6pfung auf regionaler Ebene zu steigern. Industrielle Kooperations- oder Gemeinschaftsprojekte werden im Kanton Freiburg bereits seit 2008 durchgef\u00fchrt. Seither hat der Kanton bereits 74 dieser Projekte \u00fcber die NRP unterst\u00fctzt, an denen sich \u00fcber 390 Unternehmen aller Branchen beteiligt haben.<\/p>\n<p>Mit dem neuen vierj\u00e4hrigen Mehrjahresprogramm (2024-2027) beschreitet Freiburg einen neuen Weg und lanciert dieses Jahr erstmals einen Aufruf bei Unternehmen und Hochschulen f\u00fcr ein Kooperationsprojekt, das in einem zweiten Schritt mit allen beteiligten Partnern im Detail zu definieren ist.<\/p>\n<p><strong>Fokus auf Logistikoptimierung durch K\u00fcnstliche Intelligenz<\/strong><\/p>\n<p>Alain Lunghi, Stv. Direktor der WIF und Verantwortlicher Regionalpolitik: <em>&#8222;Mit dem Mehrjahresprogramm 2024-2027 haben wir dieses neue Unterst\u00fctzungsinstrument eingef\u00fchrt. Bei der Themenwahl haben wir die kantonale Strategie und aktuellen Tendenzen wie die K\u00fcnstliche Intelligenz ber\u00fccksichtigt, aber auch was f\u00fcr die Freiburger Unternehmen am meisten Sinn ergibt.&#8220;<\/em> Bis jetzt ist nur die Stossrichtung bekannt. Die endg\u00fcltigen Partner sowie der genaue Projektinhalt werden nach der Auswahl der vielversprechendsten Ideen festgelegt, basierend auf vordefinierten Kriterien: Innovation, Wirkung, Nachhaltigkeit, Teamkompetenzen und Machbarkeit.<\/p>\n<p>Das Thema &#8222;Optimierung der Lieferketten und CO<sub>2<\/sub>-arme Logistik&#8220; richtet sich an Unternehmen verschiedenster Branchen. Nicolas Huet, der Verantwortliche von INNOSQUARE, sagt: <em>&#8222;Es geht um viel mehr als um Logistik, sondern ganz allgemein um Wertsch\u00f6pfungsketten zwischen und innerhalb von Unternehmen und dabei sollen auch neue Technologien wie beispielsweise die KI genutzt werden.&#8220;<\/em><\/p>\n<p><strong>Teilnahmebedingungen und Finanzierung<\/strong><\/p>\n<p>Mit diesem Projektaufruf will der Kanton das Innovationspotenzial in Schl\u00fcsselbereichen stimulieren, die f\u00fcr die Freiburger Unternehmen und Hochschulen von Bedeutung sind. Es ist vorgesehen, dass in den n\u00e4chsten zwei Jahren weitere Projektaufrufe zu anderen Themen folgen werden.<\/p>\n<p>Die Finanzierung in H\u00f6he von 290&#8217;000 Franken ist \u00fcber die NRP sichergestellt. Mindestens drei Unternehmen (davon zwei aus dem Kanton Freiburg) werden ausgew\u00e4hlt, wobei bei Bedarf auch akademische Partner hinzugezogen werden k\u00f6nnen. Die Unternehmen beteiligen sich mit einem Barbeitrag von mindestens 10% an den Projektkosten und 25% an Eigenleistungen. Interessierte Unternehmen k\u00f6nnen allein oder mit anderen Partnern unter folgender Webseite Vorschl\u00e4ge unterbreiten: <a href=\"http:\/\/www.promfr.ch\/de\/nrp-aufruf\">www.promfr.ch\/de\/nrp-aufruf<\/a>.<\/p>\n<p>Hinter diesem Projektaufruf stehen die Wirtschaftsf\u00f6rderung Kanton Freiburg (WIF), die im Kanton Freiburg f\u00fcr die Neue Regionalpolitik zust\u00e4ndig ist, die Handels- und Industriekammer des Kantons Freiburg (HIKF) als Vertreterin der Unternehmen und verantwortlich f\u00fcr die Umsetzung dieses Projekts ist die Freiburger Technologie- und Innovationsplattform INNOSQUARE.<\/p>\n","protected":false},"excerpt":{"rendered":"<p>Insgesamt 290&#8217;000 Franken stellt der Kanton Freiburg dieses Jahr im Rahmen eines thematischen Kooperationsprojektaufrufs (KPA) \u00fcber die Neue Regionalpolitik (NRP) zur Verf\u00fcgung und sucht interessierte Unternehmen f\u00fcr entsprechende Projekte in der Industrie. Dieses Vorgehen stellt eine Premiere dar. Es ist das erste Mal, dass der&#8230;<\/p>\n","protected":false},"author":6,"featured_media":21385,"comment_status":"closed","ping_status":"open","sticky":false,"template":"","format":"standard","meta":{"footnotes":""},"categories":[83],"tags":[],"class_list":["post-21404","post","type-post","status-publish","format-standard","has-post-thumbnail","hentry","category-news-de"],"yoast_head":"<!-- This site is optimized with the Yoast SEO plugin v26.9 - https:\/\/yoast.com\/product\/yoast-seo-wordpress\/ -->\n<title>NRP \u2013 Aufruf an Freiburger Unternehmen f\u00fcr industrielle Kooperationsprojekte - Wirtschaftsf\u00f6rderung WIF<\/title>\n<meta name=\"robots\" content=\"index, follow, max-snippet:-1, max-image-preview:large, max-video-preview:-1\" \/>\n<link rel=\"canonical\" href=\"https:\/\/www.promfr.ch\/de\/2025\/06\/25\/nrp-aufruf-an-freiburger-unternehmen-fuer-industrielle-kooperationsprojekte\/\" \/>\n<meta property=\"og:locale\" content=\"de_DE\" \/>\n<meta property=\"og:type\" content=\"article\" \/>\n<meta property=\"og:title\" content=\"NRP \u2013 Aufruf an Freiburger Unternehmen f\u00fcr industrielle Kooperationsprojekte - Wirtschaftsf\u00f6rderung WIF\" \/>\n<meta property=\"og:description\" content=\"Insgesamt 290&#8217;000 Franken stellt der Kanton Freiburg dieses Jahr im Rahmen eines thematischen Kooperationsprojektaufrufs (KPA) \u00fcber die Neue Regionalpolitik (NRP) zur Verf\u00fcgung und sucht interessierte Unternehmen f\u00fcr entsprechende Projekte in der Industrie. Dieses Vorgehen stellt eine Premiere dar. Es ist das erste Mal, dass der...\" \/>\n<meta property=\"og:url\" content=\"https:\/\/www.promfr.ch\/de\/2025\/06\/25\/nrp-aufruf-an-freiburger-unternehmen-fuer-industrielle-kooperationsprojekte\/\" \/>\n<meta property=\"og:site_name\" content=\"Wirtschaftsf\u00f6rderung WIF\" \/>\n<meta property=\"article:published_time\" content=\"2025-06-25T06:00:26+00:00\" \/>\n<meta property=\"article:modified_time\" content=\"2025-06-25T07:05:27+00:00\" \/>\n<meta property=\"og:image\" content=\"https:\/\/www.promfr.ch\/wp-content\/uploads\/2025\/06\/NPR-APC.jpg\" \/>\n\t<meta property=\"og:image:width\" content=\"2400\" \/>\n\t<meta property=\"og:image:height\" content=\"1600\" \/>\n\t<meta property=\"og:image:type\" content=\"image\/jpeg\" \/>\n<meta name=\"author\" content=\"Promotion Economique FR\" \/>\n<meta name=\"twitter:card\" content=\"summary_large_image\" \/>\n<meta name=\"twitter:creator\" content=\"@promfr\" \/>\n<meta name=\"twitter:site\" content=\"@promfr\" \/>\n<script type=\"application\/ld+json\" class=\"yoast-schema-graph\">{\"@context\":\"https:\/\/schema.org\",\"@graph\":[{\"@type\":\"Article\",\"@id\":\"https:\/\/www.promfr.ch\/de\/2025\/06\/25\/nrp-aufruf-an-freiburger-unternehmen-fuer-industrielle-kooperationsprojekte\/#article\",\"isPartOf\":{\"@id\":\"https:\/\/www.promfr.ch\/de\/2025\/06\/25\/nrp-aufruf-an-freiburger-unternehmen-fuer-industrielle-kooperationsprojekte\/\"},\"author\":{\"name\":\"Promotion Economique FR\",\"@id\":\"https:\/\/www.promfr.ch\/#\/schema\/person\/d3981670f940a863b20ad19bce28c5dc\"},\"headline\":\"NRP \u2013 Aufruf an Freiburger Unternehmen f\u00fcr industrielle Kooperationsprojekte\",\"datePublished\":\"2025-06-25T06:00:26+00:00\",\"dateModified\":\"2025-06-25T07:05:27+00:00\",\"mainEntityOfPage\":{\"@id\":\"https:\/\/www.promfr.ch\/de\/2025\/06\/25\/nrp-aufruf-an-freiburger-unternehmen-fuer-industrielle-kooperationsprojekte\/\"},\"wordCount\":526,\"publisher\":{\"@id\":\"https:\/\/www.promfr.ch\/#organization\"},\"image\":{\"@id\":\"https:\/\/www.promfr.ch\/de\/2025\/06\/25\/nrp-aufruf-an-freiburger-unternehmen-fuer-industrielle-kooperationsprojekte\/#primaryimage\"},\"thumbnailUrl\":\"https:\/\/www.promfr.ch\/wp-content\/uploads\/2025\/06\/NPR-APC.jpg\",\"articleSection\":[\"News\"],\"inLanguage\":\"de\"},{\"@type\":\"WebPage\",\"@id\":\"https:\/\/www.promfr.ch\/de\/2025\/06\/25\/nrp-aufruf-an-freiburger-unternehmen-fuer-industrielle-kooperationsprojekte\/\",\"url\":\"https:\/\/www.promfr.ch\/de\/2025\/06\/25\/nrp-aufruf-an-freiburger-unternehmen-fuer-industrielle-kooperationsprojekte\/\",\"name\":\"NRP \u2013 Aufruf an Freiburger Unternehmen f\u00fcr industrielle Kooperationsprojekte - Wirtschaftsf\u00f6rderung WIF\",\"isPartOf\":{\"@id\":\"https:\/\/www.promfr.ch\/#website\"},\"primaryImageOfPage\":{\"@id\":\"https:\/\/www.promfr.ch\/de\/2025\/06\/25\/nrp-aufruf-an-freiburger-unternehmen-fuer-industrielle-kooperationsprojekte\/#primaryimage\"},\"image\":{\"@id\":\"https:\/\/www.promfr.ch\/de\/2025\/06\/25\/nrp-aufruf-an-freiburger-unternehmen-fuer-industrielle-kooperationsprojekte\/#primaryimage\"},\"thumbnailUrl\":\"https:\/\/www.promfr.ch\/wp-content\/uploads\/2025\/06\/NPR-APC.jpg\",\"datePublished\":\"2025-06-25T06:00:26+00:00\",\"dateModified\":\"2025-06-25T07:05:27+00:00\",\"breadcrumb\":{\"@id\":\"https:\/\/www.promfr.ch\/de\/2025\/06\/25\/nrp-aufruf-an-freiburger-unternehmen-fuer-industrielle-kooperationsprojekte\/#breadcrumb\"},\"inLanguage\":\"de\",\"potentialAction\":[{\"@type\":\"ReadAction\",\"target\":[\"https:\/\/www.promfr.ch\/de\/2025\/06\/25\/nrp-aufruf-an-freiburger-unternehmen-fuer-industrielle-kooperationsprojekte\/\"]}]},{\"@type\":\"ImageObject\",\"inLanguage\":\"de\",\"@id\":\"https:\/\/www.promfr.ch\/de\/2025\/06\/25\/nrp-aufruf-an-freiburger-unternehmen-fuer-industrielle-kooperationsprojekte\/#primaryimage\",\"url\":\"https:\/\/www.promfr.ch\/wp-content\/uploads\/2025\/06\/NPR-APC.jpg\",\"contentUrl\":\"https:\/\/www.promfr.ch\/wp-content\/uploads\/2025\/06\/NPR-APC.jpg\",\"width\":2400,\"height\":1600},{\"@type\":\"BreadcrumbList\",\"@id\":\"https:\/\/www.promfr.ch\/de\/2025\/06\/25\/nrp-aufruf-an-freiburger-unternehmen-fuer-industrielle-kooperationsprojekte\/#breadcrumb\",\"itemListElement\":[{\"@type\":\"ListItem\",\"position\":1,\"name\":\"Accueil\",\"item\":\"https:\/\/www.promfr.ch\/de\/\"},{\"@type\":\"ListItem\",\"position\":2,\"name\":\"NRP \u2013 Aufruf an Freiburger Unternehmen f\u00fcr industrielle Kooperationsprojekte\"}]},{\"@type\":\"WebSite\",\"@id\":\"https:\/\/www.promfr.ch\/#website\",\"url\":\"https:\/\/www.promfr.ch\/\",\"name\":\"Promotion \u00e9conomique du canton de Fribourg (PromFR)\",\"description\":\"FRIBOURG, THE PLACE TO GROW!\",\"publisher\":{\"@id\":\"https:\/\/www.promfr.ch\/#organization\"},\"alternateName\":\"Wirtschaftsf\u00f6rderung Kanton Freiburg (WIF)\",\"potentialAction\":[{\"@type\":\"SearchAction\",\"target\":{\"@type\":\"EntryPoint\",\"urlTemplate\":\"https:\/\/www.promfr.ch\/?s={search_term_string}\"},\"query-input\":{\"@type\":\"PropertyValueSpecification\",\"valueRequired\":true,\"valueName\":\"search_term_string\"}}],\"inLanguage\":\"de\"},{\"@type\":\"Organization\",\"@id\":\"https:\/\/www.promfr.ch\/#organization\",\"name\":\"Promotion \u00e9conomique du canton de Fribourg (PromFR)\",\"alternateName\":\"Wirtschaftsf\u00f6rderung Kanton Freiburg (WIF)\",\"url\":\"https:\/\/www.promfr.ch\/\",\"logo\":{\"@type\":\"ImageObject\",\"inLanguage\":\"de\",\"@id\":\"https:\/\/www.promfr.ch\/#\/schema\/logo\/image\/\",\"url\":\"https:\/\/www.promfr.ch\/wp-content\/uploads\/2017\/07\/promotion-economique-fribourg-logo.png\",\"contentUrl\":\"https:\/\/www.promfr.ch\/wp-content\/uploads\/2017\/07\/promotion-economique-fribourg-logo.png\",\"width\":515,\"height\":156,\"caption\":\"Promotion \u00e9conomique du canton de Fribourg (PromFR)\"},\"image\":{\"@id\":\"https:\/\/www.promfr.ch\/#\/schema\/logo\/image\/\"},\"sameAs\":[\"https:\/\/x.com\/promfr\",\"https:\/\/www.linkedin.com\/company\/promfr\",\"https:\/\/www.youtube.com\/user\/promfr\"]},{\"@type\":\"Person\",\"@id\":\"https:\/\/www.promfr.ch\/#\/schema\/person\/d3981670f940a863b20ad19bce28c5dc\",\"name\":\"Promotion Economique FR\",\"image\":{\"@type\":\"ImageObject\",\"inLanguage\":\"de\",\"@id\":\"https:\/\/www.promfr.ch\/#\/schema\/person\/image\/\",\"url\":\"https:\/\/secure.gravatar.com\/avatar\/ded1fd2654a7e1976070d6160e36a98152e8699272412bacd0cb766f1beb5924?s=96&d=mm&r=g\",\"contentUrl\":\"https:\/\/secure.gravatar.com\/avatar\/ded1fd2654a7e1976070d6160e36a98152e8699272412bacd0cb766f1beb5924?s=96&d=mm&r=g\",\"caption\":\"Promotion Economique FR\"},\"sameAs\":[\"http:\/\/www.promfr.ch\"],\"url\":\"https:\/\/www.promfr.ch\/de\/author\/promfr\/\"}]}<\/script>\n<!-- \/ Yoast SEO plugin. -->","yoast_head_json":{"title":"NRP \u2013 Aufruf an Freiburger Unternehmen f\u00fcr industrielle Kooperationsprojekte - Wirtschaftsf\u00f6rderung WIF","robots":{"index":"index","follow":"follow","max-snippet":"max-snippet:-1","max-image-preview":"max-image-preview:large","max-video-preview":"max-video-preview:-1"},"canonical":"https:\/\/www.promfr.ch\/de\/2025\/06\/25\/nrp-aufruf-an-freiburger-unternehmen-fuer-industrielle-kooperationsprojekte\/","og_locale":"de_DE","og_type":"article","og_title":"NRP \u2013 Aufruf an Freiburger Unternehmen f\u00fcr industrielle Kooperationsprojekte - Wirtschaftsf\u00f6rderung WIF","og_description":"Insgesamt 290&#8217;000 Franken stellt der Kanton Freiburg dieses Jahr im Rahmen eines thematischen Kooperationsprojektaufrufs (KPA) \u00fcber die Neue Regionalpolitik (NRP) zur Verf\u00fcgung und sucht interessierte Unternehmen f\u00fcr entsprechende Projekte in der Industrie. Dieses Vorgehen stellt eine Premiere dar. Es ist das erste Mal, dass der...","og_url":"https:\/\/www.promfr.ch\/de\/2025\/06\/25\/nrp-aufruf-an-freiburger-unternehmen-fuer-industrielle-kooperationsprojekte\/","og_site_name":"Wirtschaftsf\u00f6rderung WIF","article_published_time":"2025-06-25T06:00:26+00:00","article_modified_time":"2025-06-25T07:05:27+00:00","og_image":[{"width":2400,"height":1600,"url":"https:\/\/www.promfr.ch\/wp-content\/uploads\/2025\/06\/NPR-APC.jpg","type":"image\/jpeg"}],"author":"Promotion Economique FR","twitter_card":"summary_large_image","twitter_creator":"@promfr","twitter_site":"@promfr","schema":{"@context":"https:\/\/schema.org","@graph":[{"@type":"Article","@id":"https:\/\/www.promfr.ch\/de\/2025\/06\/25\/nrp-aufruf-an-freiburger-unternehmen-fuer-industrielle-kooperationsprojekte\/#article","isPartOf":{"@id":"https:\/\/www.promfr.ch\/de\/2025\/06\/25\/nrp-aufruf-an-freiburger-unternehmen-fuer-industrielle-kooperationsprojekte\/"},"author":{"name":"Promotion Economique FR","@id":"https:\/\/www.promfr.ch\/#\/schema\/person\/d3981670f940a863b20ad19bce28c5dc"},"headline":"NRP \u2013 Aufruf an Freiburger Unternehmen f\u00fcr industrielle Kooperationsprojekte","datePublished":"2025-06-25T06:00:26+00:00","dateModified":"2025-06-25T07:05:27+00:00","mainEntityOfPage":{"@id":"https:\/\/www.promfr.ch\/de\/2025\/06\/25\/nrp-aufruf-an-freiburger-unternehmen-fuer-industrielle-kooperationsprojekte\/"},"wordCount":526,"publisher":{"@id":"https:\/\/www.promfr.ch\/#organization"},"image":{"@id":"https:\/\/www.promfr.ch\/de\/2025\/06\/25\/nrp-aufruf-an-freiburger-unternehmen-fuer-industrielle-kooperationsprojekte\/#primaryimage"},"thumbnailUrl":"https:\/\/www.promfr.ch\/wp-content\/uploads\/2025\/06\/NPR-APC.jpg","articleSection":["News"],"inLanguage":"de"},{"@type":"WebPage","@id":"https:\/\/www.promfr.ch\/de\/2025\/06\/25\/nrp-aufruf-an-freiburger-unternehmen-fuer-industrielle-kooperationsprojekte\/","url":"https:\/\/www.promfr.ch\/de\/2025\/06\/25\/nrp-aufruf-an-freiburger-unternehmen-fuer-industrielle-kooperationsprojekte\/","name":"NRP \u2013 Aufruf an Freiburger Unternehmen f\u00fcr industrielle Kooperationsprojekte - Wirtschaftsf\u00f6rderung WIF","isPartOf":{"@id":"https:\/\/www.promfr.ch\/#website"},"primaryImageOfPage":{"@id":"https:\/\/www.promfr.ch\/de\/2025\/06\/25\/nrp-aufruf-an-freiburger-unternehmen-fuer-industrielle-kooperationsprojekte\/#primaryimage"},"image":{"@id":"https:\/\/www.promfr.ch\/de\/2025\/06\/25\/nrp-aufruf-an-freiburger-unternehmen-fuer-industrielle-kooperationsprojekte\/#primaryimage"},"thumbnailUrl":"https:\/\/www.promfr.ch\/wp-content\/uploads\/2025\/06\/NPR-APC.jpg","datePublished":"2025-06-25T06:00:26+00:00","dateModified":"2025-06-25T07:05:27+00:00","breadcrumb":{"@id":"https:\/\/www.promfr.ch\/de\/2025\/06\/25\/nrp-aufruf-an-freiburger-unternehmen-fuer-industrielle-kooperationsprojekte\/#breadcrumb"},"inLanguage":"de","potentialAction":[{"@type":"ReadAction","target":["https:\/\/www.promfr.ch\/de\/2025\/06\/25\/nrp-aufruf-an-freiburger-unternehmen-fuer-industrielle-kooperationsprojekte\/"]}]},{"@type":"ImageObject","inLanguage":"de","@id":"https:\/\/www.promfr.ch\/de\/2025\/06\/25\/nrp-aufruf-an-freiburger-unternehmen-fuer-industrielle-kooperationsprojekte\/#primaryimage","url":"https:\/\/www.promfr.ch\/wp-content\/uploads\/2025\/06\/NPR-APC.jpg","contentUrl":"https:\/\/www.promfr.ch\/wp-content\/uploads\/2025\/06\/NPR-APC.jpg","width":2400,"height":1600},{"@type":"BreadcrumbList","@id":"https:\/\/www.promfr.ch\/de\/2025\/06\/25\/nrp-aufruf-an-freiburger-unternehmen-fuer-industrielle-kooperationsprojekte\/#breadcrumb","itemListElement":[{"@type":"ListItem","position":1,"name":"Accueil","item":"https:\/\/www.promfr.ch\/de\/"},{"@type":"ListItem","position":2,"name":"NRP \u2013 Aufruf an Freiburger Unternehmen f\u00fcr industrielle Kooperationsprojekte"}]},{"@type":"WebSite","@id":"https:\/\/www.promfr.ch\/#website","url":"https:\/\/www.promfr.ch\/","name":"Promotion \u00e9conomique du canton de Fribourg (PromFR)","description":"FRIBOURG, THE PLACE TO GROW!","publisher":{"@id":"https:\/\/www.promfr.ch\/#organization"},"alternateName":"Wirtschaftsf\u00f6rderung Kanton Freiburg (WIF)","potentialAction":[{"@type":"SearchAction","target":{"@type":"EntryPoint","urlTemplate":"https:\/\/www.promfr.ch\/?s={search_term_string}"},"query-input":{"@type":"PropertyValueSpecification","valueRequired":true,"valueName":"search_term_string"}}],"inLanguage":"de"},{"@type":"Organization","@id":"https:\/\/www.promfr.ch\/#organization","name":"Promotion \u00e9conomique du canton de Fribourg (PromFR)","alternateName":"Wirtschaftsf\u00f6rderung Kanton Freiburg (WIF)","url":"https:\/\/www.promfr.ch\/","logo":{"@type":"ImageObject","inLanguage":"de","@id":"https:\/\/www.promfr.ch\/#\/schema\/logo\/image\/","url":"https:\/\/www.promfr.ch\/wp-content\/uploads\/2017\/07\/promotion-economique-fribourg-logo.png","contentUrl":"https:\/\/www.promfr.ch\/wp-content\/uploads\/2017\/07\/promotion-economique-fribourg-logo.png","width":515,"height":156,"caption":"Promotion \u00e9conomique du canton de Fribourg (PromFR)"},"image":{"@id":"https:\/\/www.promfr.ch\/#\/schema\/logo\/image\/"},"sameAs":["https:\/\/x.com\/promfr","https:\/\/www.linkedin.com\/company\/promfr","https:\/\/www.youtube.com\/user\/promfr"]},{"@type":"Person","@id":"https:\/\/www.promfr.ch\/#\/schema\/person\/d3981670f940a863b20ad19bce28c5dc","name":"Promotion Economique FR","image":{"@type":"ImageObject","inLanguage":"de","@id":"https:\/\/www.promfr.ch\/#\/schema\/person\/image\/","url":"https:\/\/secure.gravatar.com\/avatar\/ded1fd2654a7e1976070d6160e36a98152e8699272412bacd0cb766f1beb5924?s=96&d=mm&r=g","contentUrl":"https:\/\/secure.gravatar.com\/avatar\/ded1fd2654a7e1976070d6160e36a98152e8699272412bacd0cb766f1beb5924?s=96&d=mm&r=g","caption":"Promotion Economique FR"},"sameAs":["http:\/\/www.promfr.ch"],"url":"https:\/\/www.promfr.ch\/de\/author\/promfr\/"}]}},"_links":{"self":[{"href":"https:\/\/www.promfr.ch\/de\/wp-json\/wp\/v2\/posts\/21404","targetHints":{"allow":["GET"]}}],"collection":[{"href":"https:\/\/www.promfr.ch\/de\/wp-json\/wp\/v2\/posts"}],"about":[{"href":"https:\/\/www.promfr.ch\/de\/wp-json\/wp\/v2\/types\/post"}],"author":[{"embeddable":true,"href":"https:\/\/www.promfr.ch\/de\/wp-json\/wp\/v2\/users\/6"}],"replies":[{"embeddable":true,"href":"https:\/\/www.promfr.ch\/de\/wp-json\/wp\/v2\/comments?post=21404"}],"version-history":[{"count":1,"href":"https:\/\/www.promfr.ch\/de\/wp-json\/wp\/v2\/posts\/21404\/revisions"}],"predecessor-version":[{"id":21420,"href":"https:\/\/www.promfr.ch\/de\/wp-json\/wp\/v2\/posts\/21404\/revisions\/21420"}],"wp:featuredmedia":[{"embeddable":true,"href":"https:\/\/www.promfr.ch\/de\/wp-json\/wp\/v2\/media\/21385"}],"wp:attachment":[{"href":"https:\/\/www.promfr.ch\/de\/wp-json\/wp\/v2\/media?parent=21404"}],"wp:term":[{"taxonomy":"category","embeddable":true,"href":"https:\/\/www.promfr.ch\/de\/wp-json\/wp\/v2\/categories?post=21404"},{"taxonomy":"post_tag","embeddable":true,"href":"https:\/\/www.promfr.ch\/de\/wp-json\/wp\/v2\/tags?post=21404"}],"curies":[{"name":"wp","href":"https:\/\/api.w.org\/{rel}","templated":true}]}}