{"id":22006,"date":"2026-04-28T10:01:41","date_gmt":"2026-04-28T08:01:41","guid":{"rendered":"https:\/\/www.promfr.ch\/?p=22006"},"modified":"2026-04-28T10:01:41","modified_gmt":"2026-04-28T08:01:41","slug":"nrp-aufruf-an-freiburger-unternehmen-zur-beschleunigung-des-kreislauforientierten-bauens","status":"publish","type":"post","link":"https:\/\/www.promfr.ch\/de\/2026\/04\/28\/nrp-aufruf-an-freiburger-unternehmen-zur-beschleunigung-des-kreislauforientierten-bauens\/","title":{"rendered":"NRP \u2013 Aufruf an Freiburger Unternehmen zur Beschleunigung des kreislauforientierten Bauens"},"content":{"rendered":"<p><em>Der Kanton Freiburg lanciert eine neue Ausgabe seines Kooperationsprojektaufrufs (KPA) im Rahmen der Neuen Regionalpolitik (NRP). Mit einem Budget von 290&#8217;000 Franken sollen Innovationsprojekte rund um den \u00dcbergang zu kreislauforientiertem und umweltgerecht geplantem Bauen unterst\u00fctzt werden, um den \u00f6kologischen und regulatorischen Herausforderungen im Bausektor zu begegnen. Interessierte Unternehmen k\u00f6nnen ihre Projekte bis zum 9. September 2026 \u00fcber <\/em><a href=\"https:\/\/www.promfr.ch\/de\/nrp-aufruf\/\"><em>www.promfr.ch\/de\/nrp-aufruf<\/em><\/a><em> einreichen.<\/em><\/p>\n<p>Der Bausektor sieht sich heute mit zunehmend strengeren Umweltanforderungen konfrontiert. Die Revision der Mustervorschriften der Kantone im Energiebereich (MuKEn) sieht insbesondere neue Grenzwerte f\u00fcr Treibhausgasemissionen sowie Vorgaben zur grauen Energie bis 2029 vor.<\/p>\n<p>Um diesen Herausforderungen zu begegnen, schreibt der Kanton Freiburg im Rahmen der NRP einen neuen Kooperationsprojektaufruf (KPA) aus. Diese Ausgabe steht unter dem Thema \u00abBauen neu denken: hin zu kreislauforientierten und umweltgerecht konzipierten Systemen\u00bb und hat zum Ziel, konkrete und auf regionaler Ebene direkt umsetzbare L\u00f6sungen hervorzubringen.<\/p>\n<p><strong>Reduktion des Fussabdrucks bereits in der Planungsphase<\/strong><\/p>\n<p>Die Projekte sollen innovative und wirkungsstarke Ans\u00e4tze zur Reduktion des \u00f6kologischen Fussabdrucks von Geb\u00e4uden bereits in der Planungsphase aufzeigen, insbesondere durch die Verringerung der grauen Energie und die F\u00f6rderung der Kreislauff\u00e4higkeit der Materialien. Dazu z\u00e4hlen beispielsweise der Einsatz lokaler biobasierter Materialien, r\u00fcckbaubare Systeme oder digitale Werkzeuge zur Verbesserung der R\u00fcckverfolgbarkeit.<\/p>\n<p>Alain Lunghi, stellvertretender Direktor der Wirtschaftsf\u00f6rderung Kanton Freiburg (WIF) und Verantwortlicher f\u00fcr die Regionalpolitik, betont: <em>\u00abAngesichts der kommenden Umweltanforderungen ist Vorausschau der Schl\u00fcssel zur Wettbewerbsf\u00e4higkeit. Dieser Aufruf soll es den Freiburger Unternehmen erm\u00f6glichen, diese Herausforderungen in Innovationschancen umzuwandeln.\u00bb<\/em><\/p>\n<p><strong>F\u00f6rderung industrieller Synergien<\/strong><\/p>\n<p>Neben der Umweltdimension f\u00f6rdert dieser Projektaufruf eine kollaborative Herangehensweise entlang der gesamten Wertsch\u00f6pfungskette. Die Projekte m\u00fcssen mindestens drei Unternehmen umfassen, wobei die Mehrheit ihren Sitz im Kanton Freiburg haben muss. Bei Bedarf kann ein akademischer Partner beigezogen werden, um den Wissenstransfer sowie die Entwicklung reproduzierbarer L\u00f6sungen zu f\u00f6rdern.<\/p>\n<p>Nicolas Huet, Verantwortlicher von INNOSQUARE, erkl\u00e4rt: \u00abUm die Herausforderungen der Zirkularit\u00e4t zu bew\u00e4ltigen, muss Innovation gemeinsam erfolgen. Ziel ist es, Synergien zwischen Unternehmen zu schaffen und konkrete, regional anwendbare L\u00f6sungen zu entwickeln.\u00bb<\/p>\n<p>Die NRP-Finanzierung, die bis zu 290&#8217;000 Franken betragen kann, deckt maximal 65 % des Gesamtbudgets des Projekts. Die beteiligten Unternehmen tragen den verbleibenden Anteil, davon 10 % in bar sowie 25 % in Form von Eigenleistungen.<\/p>\n<p>Die Projekte k\u00f6nnen einzeln oder im Konsortium eingereicht werden und m\u00fcssen bis zum 9.\u00a0September 2026 \u00fcber <a href=\"https:\/\/www.promfr.ch\/de\/nrp-aufruf\/\">www.promfr.ch\/de\/nrp-aufruf<\/a> eingereicht werden. Auf dieser Seite sind s\u00e4mtliche Teilnahmebedingungen und relevanten Informationen zusammengestellt.<\/p>\n<p>Dieser Projektaufruf wird von der Wirtschaftsf\u00f6rderung Kanton Freiburg (WIF), zust\u00e4ndig f\u00fcr die NRP, in Partnerschaft mit der Handels- und Industriekammer des Kantons Freiburg (HIKF), der Hochschule f\u00fcr Technik und Architektur Freiburg (HTA-FR) sowie der Technologie- und Innovationsplattform INNOSQUARE getragen.<\/p>\n","protected":false},"excerpt":{"rendered":"<p>Der Kanton Freiburg lanciert eine neue Ausgabe seines Kooperationsprojektaufrufs (KPA) im Rahmen der Neuen Regionalpolitik (NRP). Mit einem Budget von 290&#8217;000 Franken sollen Innovationsprojekte rund um den \u00dcbergang zu kreislauforientiertem und umweltgerecht geplantem Bauen unterst\u00fctzt werden, um den \u00f6kologischen und regulatorischen Herausforderungen im Bausektor zu&#8230;<\/p>\n","protected":false},"author":6,"featured_media":21996,"comment_status":"closed","ping_status":"open","sticky":false,"template":"","format":"standard","meta":{"footnotes":""},"categories":[83],"tags":[],"class_list":["post-22006","post","type-post","status-publish","format-standard","has-post-thumbnail","hentry","category-news-de"],"yoast_head":"<!-- This site is optimized with the Yoast SEO plugin v26.9 - https:\/\/yoast.com\/product\/yoast-seo-wordpress\/ -->\n<title>NRP \u2013 Aufruf an Freiburger Unternehmen zur Beschleunigung des kreislauforientierten Bauens - Wirtschaftsf\u00f6rderung WIF<\/title>\n<meta name=\"robots\" content=\"index, follow, max-snippet:-1, max-image-preview:large, max-video-preview:-1\" \/>\n<link rel=\"canonical\" href=\"https:\/\/www.promfr.ch\/de\/2026\/04\/28\/nrp-aufruf-an-freiburger-unternehmen-zur-beschleunigung-des-kreislauforientierten-bauens\/\" \/>\n<meta property=\"og:locale\" content=\"de_DE\" \/>\n<meta property=\"og:type\" content=\"article\" \/>\n<meta property=\"og:title\" content=\"NRP \u2013 Aufruf an Freiburger Unternehmen zur Beschleunigung des kreislauforientierten Bauens - Wirtschaftsf\u00f6rderung WIF\" \/>\n<meta property=\"og:description\" content=\"Der Kanton Freiburg lanciert eine neue Ausgabe seines Kooperationsprojektaufrufs (KPA) im Rahmen der Neuen Regionalpolitik (NRP). Mit einem Budget von 290&#8217;000 Franken sollen Innovationsprojekte rund um den \u00dcbergang zu kreislauforientiertem und umweltgerecht geplantem Bauen unterst\u00fctzt werden, um den \u00f6kologischen und regulatorischen Herausforderungen im Bausektor zu...\" \/>\n<meta property=\"og:url\" content=\"https:\/\/www.promfr.ch\/de\/2026\/04\/28\/nrp-aufruf-an-freiburger-unternehmen-zur-beschleunigung-des-kreislauforientierten-bauens\/\" \/>\n<meta property=\"og:site_name\" content=\"Wirtschaftsf\u00f6rderung WIF\" \/>\n<meta property=\"article:published_time\" content=\"2026-04-28T08:01:41+00:00\" \/>\n<meta property=\"og:image\" content=\"https:\/\/www.promfr.ch\/wp-content\/uploads\/2026\/04\/APC-KPA_2026_web.jpg\" \/>\n\t<meta property=\"og:image:width\" content=\"1500\" \/>\n\t<meta property=\"og:image:height\" content=\"1000\" \/>\n\t<meta property=\"og:image:type\" content=\"image\/jpeg\" \/>\n<meta name=\"author\" content=\"Promotion Economique FR\" \/>\n<meta name=\"twitter:card\" content=\"summary_large_image\" \/>\n<meta name=\"twitter:creator\" content=\"@promfr\" \/>\n<meta name=\"twitter:site\" content=\"@promfr\" \/>\n<script type=\"application\/ld+json\" class=\"yoast-schema-graph\">{\"@context\":\"https:\/\/schema.org\",\"@graph\":[{\"@type\":\"Article\",\"@id\":\"https:\/\/www.promfr.ch\/de\/2026\/04\/28\/nrp-aufruf-an-freiburger-unternehmen-zur-beschleunigung-des-kreislauforientierten-bauens\/#article\",\"isPartOf\":{\"@id\":\"https:\/\/www.promfr.ch\/de\/2026\/04\/28\/nrp-aufruf-an-freiburger-unternehmen-zur-beschleunigung-des-kreislauforientierten-bauens\/\"},\"author\":{\"name\":\"Promotion Economique FR\",\"@id\":\"https:\/\/www.promfr.ch\/#\/schema\/person\/d3981670f940a863b20ad19bce28c5dc\"},\"headline\":\"NRP \u2013 Aufruf an Freiburger Unternehmen zur Beschleunigung des kreislauforientierten Bauens\",\"datePublished\":\"2026-04-28T08:01:41+00:00\",\"mainEntityOfPage\":{\"@id\":\"https:\/\/www.promfr.ch\/de\/2026\/04\/28\/nrp-aufruf-an-freiburger-unternehmen-zur-beschleunigung-des-kreislauforientierten-bauens\/\"},\"wordCount\":462,\"publisher\":{\"@id\":\"https:\/\/www.promfr.ch\/#organization\"},\"image\":{\"@id\":\"https:\/\/www.promfr.ch\/de\/2026\/04\/28\/nrp-aufruf-an-freiburger-unternehmen-zur-beschleunigung-des-kreislauforientierten-bauens\/#primaryimage\"},\"thumbnailUrl\":\"https:\/\/www.promfr.ch\/wp-content\/uploads\/2026\/04\/APC-KPA_2026_web.jpg\",\"articleSection\":[\"News\"],\"inLanguage\":\"de\"},{\"@type\":\"WebPage\",\"@id\":\"https:\/\/www.promfr.ch\/de\/2026\/04\/28\/nrp-aufruf-an-freiburger-unternehmen-zur-beschleunigung-des-kreislauforientierten-bauens\/\",\"url\":\"https:\/\/www.promfr.ch\/de\/2026\/04\/28\/nrp-aufruf-an-freiburger-unternehmen-zur-beschleunigung-des-kreislauforientierten-bauens\/\",\"name\":\"NRP \u2013 Aufruf an Freiburger Unternehmen zur Beschleunigung des kreislauforientierten Bauens - Wirtschaftsf\u00f6rderung WIF\",\"isPartOf\":{\"@id\":\"https:\/\/www.promfr.ch\/#website\"},\"primaryImageOfPage\":{\"@id\":\"https:\/\/www.promfr.ch\/de\/2026\/04\/28\/nrp-aufruf-an-freiburger-unternehmen-zur-beschleunigung-des-kreislauforientierten-bauens\/#primaryimage\"},\"image\":{\"@id\":\"https:\/\/www.promfr.ch\/de\/2026\/04\/28\/nrp-aufruf-an-freiburger-unternehmen-zur-beschleunigung-des-kreislauforientierten-bauens\/#primaryimage\"},\"thumbnailUrl\":\"https:\/\/www.promfr.ch\/wp-content\/uploads\/2026\/04\/APC-KPA_2026_web.jpg\",\"datePublished\":\"2026-04-28T08:01:41+00:00\",\"breadcrumb\":{\"@id\":\"https:\/\/www.promfr.ch\/de\/2026\/04\/28\/nrp-aufruf-an-freiburger-unternehmen-zur-beschleunigung-des-kreislauforientierten-bauens\/#breadcrumb\"},\"inLanguage\":\"de\",\"potentialAction\":[{\"@type\":\"ReadAction\",\"target\":[\"https:\/\/www.promfr.ch\/de\/2026\/04\/28\/nrp-aufruf-an-freiburger-unternehmen-zur-beschleunigung-des-kreislauforientierten-bauens\/\"]}]},{\"@type\":\"ImageObject\",\"inLanguage\":\"de\",\"@id\":\"https:\/\/www.promfr.ch\/de\/2026\/04\/28\/nrp-aufruf-an-freiburger-unternehmen-zur-beschleunigung-des-kreislauforientierten-bauens\/#primaryimage\",\"url\":\"https:\/\/www.promfr.ch\/wp-content\/uploads\/2026\/04\/APC-KPA_2026_web.jpg\",\"contentUrl\":\"https:\/\/www.promfr.ch\/wp-content\/uploads\/2026\/04\/APC-KPA_2026_web.jpg\",\"width\":1500,\"height\":1000},{\"@type\":\"BreadcrumbList\",\"@id\":\"https:\/\/www.promfr.ch\/de\/2026\/04\/28\/nrp-aufruf-an-freiburger-unternehmen-zur-beschleunigung-des-kreislauforientierten-bauens\/#breadcrumb\",\"itemListElement\":[{\"@type\":\"ListItem\",\"position\":1,\"name\":\"Accueil\",\"item\":\"https:\/\/www.promfr.ch\/de\/\"},{\"@type\":\"ListItem\",\"position\":2,\"name\":\"NRP \u2013 Aufruf an Freiburger Unternehmen zur Beschleunigung des kreislauforientierten Bauens\"}]},{\"@type\":\"WebSite\",\"@id\":\"https:\/\/www.promfr.ch\/#website\",\"url\":\"https:\/\/www.promfr.ch\/\",\"name\":\"Promotion \u00e9conomique du canton de Fribourg (PromFR)\",\"description\":\"FRIBOURG, THE PLACE TO GROW!\",\"publisher\":{\"@id\":\"https:\/\/www.promfr.ch\/#organization\"},\"alternateName\":\"Wirtschaftsf\u00f6rderung Kanton Freiburg (WIF)\",\"potentialAction\":[{\"@type\":\"SearchAction\",\"target\":{\"@type\":\"EntryPoint\",\"urlTemplate\":\"https:\/\/www.promfr.ch\/?s={search_term_string}\"},\"query-input\":{\"@type\":\"PropertyValueSpecification\",\"valueRequired\":true,\"valueName\":\"search_term_string\"}}],\"inLanguage\":\"de\"},{\"@type\":\"Organization\",\"@id\":\"https:\/\/www.promfr.ch\/#organization\",\"name\":\"Promotion \u00e9conomique du canton de Fribourg (PromFR)\",\"alternateName\":\"Wirtschaftsf\u00f6rderung Kanton Freiburg (WIF)\",\"url\":\"https:\/\/www.promfr.ch\/\",\"logo\":{\"@type\":\"ImageObject\",\"inLanguage\":\"de\",\"@id\":\"https:\/\/www.promfr.ch\/#\/schema\/logo\/image\/\",\"url\":\"https:\/\/www.promfr.ch\/wp-content\/uploads\/2017\/07\/promotion-economique-fribourg-logo.png\",\"contentUrl\":\"https:\/\/www.promfr.ch\/wp-content\/uploads\/2017\/07\/promotion-economique-fribourg-logo.png\",\"width\":515,\"height\":156,\"caption\":\"Promotion \u00e9conomique du canton de Fribourg (PromFR)\"},\"image\":{\"@id\":\"https:\/\/www.promfr.ch\/#\/schema\/logo\/image\/\"},\"sameAs\":[\"https:\/\/x.com\/promfr\",\"https:\/\/www.linkedin.com\/company\/promfr\",\"https:\/\/www.youtube.com\/user\/promfr\"]},{\"@type\":\"Person\",\"@id\":\"https:\/\/www.promfr.ch\/#\/schema\/person\/d3981670f940a863b20ad19bce28c5dc\",\"name\":\"Promotion Economique FR\",\"image\":{\"@type\":\"ImageObject\",\"inLanguage\":\"de\",\"@id\":\"https:\/\/www.promfr.ch\/#\/schema\/person\/image\/\",\"url\":\"https:\/\/secure.gravatar.com\/avatar\/ded1fd2654a7e1976070d6160e36a98152e8699272412bacd0cb766f1beb5924?s=96&d=mm&r=g\",\"contentUrl\":\"https:\/\/secure.gravatar.com\/avatar\/ded1fd2654a7e1976070d6160e36a98152e8699272412bacd0cb766f1beb5924?s=96&d=mm&r=g\",\"caption\":\"Promotion Economique FR\"},\"sameAs\":[\"http:\/\/www.promfr.ch\"],\"url\":\"https:\/\/www.promfr.ch\/de\/author\/promfr\/\"}]}<\/script>\n<!-- \/ Yoast SEO plugin. -->","yoast_head_json":{"title":"NRP \u2013 Aufruf an Freiburger Unternehmen zur Beschleunigung des kreislauforientierten Bauens - Wirtschaftsf\u00f6rderung WIF","robots":{"index":"index","follow":"follow","max-snippet":"max-snippet:-1","max-image-preview":"max-image-preview:large","max-video-preview":"max-video-preview:-1"},"canonical":"https:\/\/www.promfr.ch\/de\/2026\/04\/28\/nrp-aufruf-an-freiburger-unternehmen-zur-beschleunigung-des-kreislauforientierten-bauens\/","og_locale":"de_DE","og_type":"article","og_title":"NRP \u2013 Aufruf an Freiburger Unternehmen zur Beschleunigung des kreislauforientierten Bauens - Wirtschaftsf\u00f6rderung WIF","og_description":"Der Kanton Freiburg lanciert eine neue Ausgabe seines Kooperationsprojektaufrufs (KPA) im Rahmen der Neuen Regionalpolitik (NRP). Mit einem Budget von 290&#8217;000 Franken sollen Innovationsprojekte rund um den \u00dcbergang zu kreislauforientiertem und umweltgerecht geplantem Bauen unterst\u00fctzt werden, um den \u00f6kologischen und regulatorischen Herausforderungen im Bausektor zu...","og_url":"https:\/\/www.promfr.ch\/de\/2026\/04\/28\/nrp-aufruf-an-freiburger-unternehmen-zur-beschleunigung-des-kreislauforientierten-bauens\/","og_site_name":"Wirtschaftsf\u00f6rderung WIF","article_published_time":"2026-04-28T08:01:41+00:00","og_image":[{"width":1500,"height":1000,"url":"https:\/\/www.promfr.ch\/wp-content\/uploads\/2026\/04\/APC-KPA_2026_web.jpg","type":"image\/jpeg"}],"author":"Promotion Economique FR","twitter_card":"summary_large_image","twitter_creator":"@promfr","twitter_site":"@promfr","schema":{"@context":"https:\/\/schema.org","@graph":[{"@type":"Article","@id":"https:\/\/www.promfr.ch\/de\/2026\/04\/28\/nrp-aufruf-an-freiburger-unternehmen-zur-beschleunigung-des-kreislauforientierten-bauens\/#article","isPartOf":{"@id":"https:\/\/www.promfr.ch\/de\/2026\/04\/28\/nrp-aufruf-an-freiburger-unternehmen-zur-beschleunigung-des-kreislauforientierten-bauens\/"},"author":{"name":"Promotion Economique FR","@id":"https:\/\/www.promfr.ch\/#\/schema\/person\/d3981670f940a863b20ad19bce28c5dc"},"headline":"NRP \u2013 Aufruf an Freiburger Unternehmen zur Beschleunigung des kreislauforientierten Bauens","datePublished":"2026-04-28T08:01:41+00:00","mainEntityOfPage":{"@id":"https:\/\/www.promfr.ch\/de\/2026\/04\/28\/nrp-aufruf-an-freiburger-unternehmen-zur-beschleunigung-des-kreislauforientierten-bauens\/"},"wordCount":462,"publisher":{"@id":"https:\/\/www.promfr.ch\/#organization"},"image":{"@id":"https:\/\/www.promfr.ch\/de\/2026\/04\/28\/nrp-aufruf-an-freiburger-unternehmen-zur-beschleunigung-des-kreislauforientierten-bauens\/#primaryimage"},"thumbnailUrl":"https:\/\/www.promfr.ch\/wp-content\/uploads\/2026\/04\/APC-KPA_2026_web.jpg","articleSection":["News"],"inLanguage":"de"},{"@type":"WebPage","@id":"https:\/\/www.promfr.ch\/de\/2026\/04\/28\/nrp-aufruf-an-freiburger-unternehmen-zur-beschleunigung-des-kreislauforientierten-bauens\/","url":"https:\/\/www.promfr.ch\/de\/2026\/04\/28\/nrp-aufruf-an-freiburger-unternehmen-zur-beschleunigung-des-kreislauforientierten-bauens\/","name":"NRP \u2013 Aufruf an Freiburger Unternehmen zur Beschleunigung des kreislauforientierten Bauens - Wirtschaftsf\u00f6rderung WIF","isPartOf":{"@id":"https:\/\/www.promfr.ch\/#website"},"primaryImageOfPage":{"@id":"https:\/\/www.promfr.ch\/de\/2026\/04\/28\/nrp-aufruf-an-freiburger-unternehmen-zur-beschleunigung-des-kreislauforientierten-bauens\/#primaryimage"},"image":{"@id":"https:\/\/www.promfr.ch\/de\/2026\/04\/28\/nrp-aufruf-an-freiburger-unternehmen-zur-beschleunigung-des-kreislauforientierten-bauens\/#primaryimage"},"thumbnailUrl":"https:\/\/www.promfr.ch\/wp-content\/uploads\/2026\/04\/APC-KPA_2026_web.jpg","datePublished":"2026-04-28T08:01:41+00:00","breadcrumb":{"@id":"https:\/\/www.promfr.ch\/de\/2026\/04\/28\/nrp-aufruf-an-freiburger-unternehmen-zur-beschleunigung-des-kreislauforientierten-bauens\/#breadcrumb"},"inLanguage":"de","potentialAction":[{"@type":"ReadAction","target":["https:\/\/www.promfr.ch\/de\/2026\/04\/28\/nrp-aufruf-an-freiburger-unternehmen-zur-beschleunigung-des-kreislauforientierten-bauens\/"]}]},{"@type":"ImageObject","inLanguage":"de","@id":"https:\/\/www.promfr.ch\/de\/2026\/04\/28\/nrp-aufruf-an-freiburger-unternehmen-zur-beschleunigung-des-kreislauforientierten-bauens\/#primaryimage","url":"https:\/\/www.promfr.ch\/wp-content\/uploads\/2026\/04\/APC-KPA_2026_web.jpg","contentUrl":"https:\/\/www.promfr.ch\/wp-content\/uploads\/2026\/04\/APC-KPA_2026_web.jpg","width":1500,"height":1000},{"@type":"BreadcrumbList","@id":"https:\/\/www.promfr.ch\/de\/2026\/04\/28\/nrp-aufruf-an-freiburger-unternehmen-zur-beschleunigung-des-kreislauforientierten-bauens\/#breadcrumb","itemListElement":[{"@type":"ListItem","position":1,"name":"Accueil","item":"https:\/\/www.promfr.ch\/de\/"},{"@type":"ListItem","position":2,"name":"NRP \u2013 Aufruf an Freiburger Unternehmen zur Beschleunigung des kreislauforientierten Bauens"}]},{"@type":"WebSite","@id":"https:\/\/www.promfr.ch\/#website","url":"https:\/\/www.promfr.ch\/","name":"Promotion \u00e9conomique du canton de Fribourg (PromFR)","description":"FRIBOURG, THE PLACE TO GROW!","publisher":{"@id":"https:\/\/www.promfr.ch\/#organization"},"alternateName":"Wirtschaftsf\u00f6rderung Kanton Freiburg (WIF)","potentialAction":[{"@type":"SearchAction","target":{"@type":"EntryPoint","urlTemplate":"https:\/\/www.promfr.ch\/?s={search_term_string}"},"query-input":{"@type":"PropertyValueSpecification","valueRequired":true,"valueName":"search_term_string"}}],"inLanguage":"de"},{"@type":"Organization","@id":"https:\/\/www.promfr.ch\/#organization","name":"Promotion \u00e9conomique du canton de Fribourg (PromFR)","alternateName":"Wirtschaftsf\u00f6rderung Kanton Freiburg (WIF)","url":"https:\/\/www.promfr.ch\/","logo":{"@type":"ImageObject","inLanguage":"de","@id":"https:\/\/www.promfr.ch\/#\/schema\/logo\/image\/","url":"https:\/\/www.promfr.ch\/wp-content\/uploads\/2017\/07\/promotion-economique-fribourg-logo.png","contentUrl":"https:\/\/www.promfr.ch\/wp-content\/uploads\/2017\/07\/promotion-economique-fribourg-logo.png","width":515,"height":156,"caption":"Promotion \u00e9conomique du canton de Fribourg (PromFR)"},"image":{"@id":"https:\/\/www.promfr.ch\/#\/schema\/logo\/image\/"},"sameAs":["https:\/\/x.com\/promfr","https:\/\/www.linkedin.com\/company\/promfr","https:\/\/www.youtube.com\/user\/promfr"]},{"@type":"Person","@id":"https:\/\/www.promfr.ch\/#\/schema\/person\/d3981670f940a863b20ad19bce28c5dc","name":"Promotion Economique FR","image":{"@type":"ImageObject","inLanguage":"de","@id":"https:\/\/www.promfr.ch\/#\/schema\/person\/image\/","url":"https:\/\/secure.gravatar.com\/avatar\/ded1fd2654a7e1976070d6160e36a98152e8699272412bacd0cb766f1beb5924?s=96&d=mm&r=g","contentUrl":"https:\/\/secure.gravatar.com\/avatar\/ded1fd2654a7e1976070d6160e36a98152e8699272412bacd0cb766f1beb5924?s=96&d=mm&r=g","caption":"Promotion Economique FR"},"sameAs":["http:\/\/www.promfr.ch"],"url":"https:\/\/www.promfr.ch\/de\/author\/promfr\/"}]}},"_links":{"self":[{"href":"https:\/\/www.promfr.ch\/de\/wp-json\/wp\/v2\/posts\/22006","targetHints":{"allow":["GET"]}}],"collection":[{"href":"https:\/\/www.promfr.ch\/de\/wp-json\/wp\/v2\/posts"}],"about":[{"href":"https:\/\/www.promfr.ch\/de\/wp-json\/wp\/v2\/types\/post"}],"author":[{"embeddable":true,"href":"https:\/\/www.promfr.ch\/de\/wp-json\/wp\/v2\/users\/6"}],"replies":[{"embeddable":true,"href":"https:\/\/www.promfr.ch\/de\/wp-json\/wp\/v2\/comments?post=22006"}],"version-history":[{"count":2,"href":"https:\/\/www.promfr.ch\/de\/wp-json\/wp\/v2\/posts\/22006\/revisions"}],"predecessor-version":[{"id":22037,"href":"https:\/\/www.promfr.ch\/de\/wp-json\/wp\/v2\/posts\/22006\/revisions\/22037"}],"wp:featuredmedia":[{"embeddable":true,"href":"https:\/\/www.promfr.ch\/de\/wp-json\/wp\/v2\/media\/21996"}],"wp:attachment":[{"href":"https:\/\/www.promfr.ch\/de\/wp-json\/wp\/v2\/media?parent=22006"}],"wp:term":[{"taxonomy":"category","embeddable":true,"href":"https:\/\/www.promfr.ch\/de\/wp-json\/wp\/v2\/categories?post=22006"},{"taxonomy":"post_tag","embeddable":true,"href":"https:\/\/www.promfr.ch\/de\/wp-json\/wp\/v2\/tags?post=22006"}],"curies":[{"name":"wp","href":"https:\/\/api.w.org\/{rel}","templated":true}]}}